{"id":10532,"date":"2023-11-15T22:01:57","date_gmt":"2023-11-15T21:01:57","guid":{"rendered":"https:\/\/osobdravinji.splet.arnes.si\/?p=10532"},"modified":"2023-11-17T10:29:38","modified_gmt":"2023-11-17T09:29:38","slug":"vrhunski-rezultati-na-bienalu-otroske-grafike","status":"publish","type":"post","link":"https:\/\/osobdravinji.si\/?p=10532","title":{"rendered":"Vrhunski rezultati na Bienalu otro\u0161ke grafike"},"content":{"rendered":"\n<p>U\u010denci na\u0161e \u0161ole so s svojimi likovnimi izdelki, natan\u010dneje z grafi\u010dnimi listi sodelovali na 21. Bienalu otro\u0161ke grafike. Bienale otro\u0161ke grafike ima bogato zgodovino likovnega ustvarjanja otrok in mladostnikov, saj poteka \u017ee od leta 1981. Rde\u010da nit leto\u0161njega bienala je bila Figura v grafiki. U\u010denci so pod mentorstvom Sonje Rak Zalo\u017enik ustvarjali avtoportret, pod mentorstvom Jerneje Menzinger pa so se posvetili \u017eivalski figuraliki.<\/p>\n\n\n\n<p>U\u010denka 6. razreda Ema Stanojevi\u010d je prejela najvi\u0161je \u2013 zlato priznanje, u\u010denka Nu\u0161a Jeseni\u010dnik iz 8. razreda je prejela srebrno priznanje, u\u010denci Urban Toma\u017ein, Ema Ro\u017ei\u010d, \u0160pela Hronek, Mia O\u0161lak (vsi 6. razred) ter Maja Kotnik iz 8. razreda pa so prejeli bronasta priznanja. Vsem nagrajenim u\u010dencem iskreno \u010destitamo.<\/p>\n\n\n\n<figure class=\"wp-block-image size-large\"><img loading=\"lazy\" decoding=\"async\" width=\"1024\" height=\"768\" src=\"https:\/\/osobdravinji.si\/files\/2023\/11\/IMG_0257-1024x768.jpg\" alt=\"\" class=\"wp-image-10553\" srcset=\"https:\/\/osobdravinji.si\/files\/2023\/11\/IMG_0257-1024x768.jpg 1024w, https:\/\/osobdravinji.si\/files\/2023\/11\/IMG_0257-300x225.jpg 300w, https:\/\/osobdravinji.si\/files\/2023\/11\/IMG_0257-768x576.jpg 768w, https:\/\/osobdravinji.si\/files\/2023\/11\/IMG_0257-1536x1152.jpg 1536w, https:\/\/osobdravinji.si\/files\/2023\/11\/IMG_0257-2048x1536.jpg 2048w, https:\/\/osobdravinji.si\/files\/2023\/11\/IMG_0257-947x710.jpg 947w, https:\/\/osobdravinji.si\/files\/2023\/11\/IMG_0257-624x468.jpg 624w\" sizes=\"auto, (max-width: 1024px) 100vw, 1024px\" \/><\/figure>\n","protected":false},"excerpt":{"rendered":"<p>U\u010denci na\u0161e \u0161ole so s svojimi likovnimi izdelki, natan\u010dneje z grafi\u010dnimi listi sodelovali na 21. Bienalu otro\u0161ke grafike. Bienale otro\u0161ke grafike ima bogato zgodovino likovnega ustvarjanja otrok in mladostnikov, saj poteka \u017ee od leta 1981. Rde\u010da nit leto\u0161njega bienala je bila Figura v grafiki. U\u010denci so pod mentorstvom Sonje Rak Zalo\u017enik ustvarjali avtoportret, pod mentorstvom Jerneje Menzinger pa so se posvetili \u017eivalski figuraliki. U\u010denka 6. razreda Ema Stanojevi\u010d je prejela najvi\u0161je \u2013 zlato priznanje, u\u010denka Nu\u0161a Jeseni\u010dnik iz 8. razreda je prejela srebrno priznanje, u\u010denci Urban Toma\u017ein, Ema Ro\u017ei\u010d, \u0160pela Hronek, Mia O\u0161lak (vsi 6. razred) ter Maja Kotnik iz [&hellip;]<\/p>\n","protected":false},"author":35615,"featured_media":0,"comment_status":"closed","ping_status":"closed","sticky":false,"template":"","format":"standard","meta":{"footnotes":""},"categories":[1],"tags":[],"class_list":["post-10532","post","type-post","status-publish","format-standard","hentry","category-novice"],"_links":{"self":[{"href":"https:\/\/osobdravinji.si\/index.php?rest_route=\/wp\/v2\/posts\/10532","targetHints":{"allow":["GET"]}}],"collection":[{"href":"https:\/\/osobdravinji.si\/index.php?rest_route=\/wp\/v2\/posts"}],"about":[{"href":"https:\/\/osobdravinji.si\/index.php?rest_route=\/wp\/v2\/types\/post"}],"author":[{"embeddable":true,"href":"https:\/\/osobdravinji.si\/index.php?rest_route=\/wp\/v2\/users\/35615"}],"replies":[{"embeddable":true,"href":"https:\/\/osobdravinji.si\/index.php?rest_route=%2Fwp%2Fv2%2Fcomments&post=10532"}],"version-history":[{"count":2,"href":"https:\/\/osobdravinji.si\/index.php?rest_route=\/wp\/v2\/posts\/10532\/revisions"}],"predecessor-version":[{"id":10554,"href":"https:\/\/osobdravinji.si\/index.php?rest_route=\/wp\/v2\/posts\/10532\/revisions\/10554"}],"wp:attachment":[{"href":"https:\/\/osobdravinji.si\/index.php?rest_route=%2Fwp%2Fv2%2Fmedia&parent=10532"}],"wp:term":[{"taxonomy":"category","embeddable":true,"href":"https:\/\/osobdravinji.si\/index.php?rest_route=%2Fwp%2Fv2%2Fcategories&post=10532"},{"taxonomy":"post_tag","embeddable":true,"href":"https:\/\/osobdravinji.si\/index.php?rest_route=%2Fwp%2Fv2%2Ftags&post=10532"}],"curies":[{"name":"wp","href":"https:\/\/api.w.org\/{rel}","templated":true}]}}