{"id":10534,"date":"2023-11-15T22:02:39","date_gmt":"2023-11-15T21:02:39","guid":{"rendered":"https:\/\/osobdravinji.splet.arnes.si\/?p=10534"},"modified":"2023-11-26T18:11:50","modified_gmt":"2023-11-26T17:11:50","slug":"plakat-miru","status":"publish","type":"post","link":"https:\/\/osobdravinji.si\/?p=10534","title":{"rendered":"Plakat Miru"},"content":{"rendered":"\n<p>Na\u0161a \u0161ola se vsako leto pod mentorstvom likovne pedagoginje Jerneje Menzinger odzove povabilu na likovni nate\u010daj Plakat miru.<\/p>\n\n\n\n<p>Pokrovitelj in organizator projekta je Lions klub, ki je letos \u017ee 20. leto zapored organiziral akcijo, na kateri so u\u010denci ustvarjali likovna dela z naslovom Upajmo si sanjati.<\/p>\n\n\n\n<p>Na\u0161o \u0161olo so letos zastopali u\u010denci 7. razredov. Za dr\u017eavno raven tekmovanja je bilo izbrano likovno delo u\u010denke Leni Modic, ki je prejela tudi priznanje.<\/p>\n\n\n\n<p>Iskrene \u010destitke.<\/p>\n\n\n\n<figure class=\"wp-block-gallery has-nested-images columns-default is-cropped wp-block-gallery-1 is-layout-flex wp-block-gallery-is-layout-flex\">\n<figure class=\"wp-block-image size-large\"><img loading=\"lazy\" decoding=\"async\" width=\"768\" height=\"1024\" data-id=\"10686\" src=\"https:\/\/osobdravinji.si\/files\/2023\/11\/20231019_105421-768x1024.jpg\" alt=\"\" class=\"wp-image-10686\" srcset=\"https:\/\/osobdravinji.si\/files\/2023\/11\/20231019_105421-768x1024.jpg 768w, https:\/\/osobdravinji.si\/files\/2023\/11\/20231019_105421-225x300.jpg 225w, https:\/\/osobdravinji.si\/files\/2023\/11\/20231019_105421-1152x1536.jpg 1152w, https:\/\/osobdravinji.si\/files\/2023\/11\/20231019_105421-1536x2048.jpg 1536w, https:\/\/osobdravinji.si\/files\/2023\/11\/20231019_105421-947x1263.jpg 947w, https:\/\/osobdravinji.si\/files\/2023\/11\/20231019_105421-624x832.jpg 624w, https:\/\/osobdravinji.si\/files\/2023\/11\/20231019_105421-scaled.jpg 1920w\" sizes=\"auto, (max-width: 768px) 100vw, 768px\" \/><\/figure>\n\n\n\n<figure class=\"wp-block-image size-large\"><img loading=\"lazy\" decoding=\"async\" width=\"768\" height=\"1024\" data-id=\"10687\" src=\"https:\/\/osobdravinji.si\/files\/2023\/11\/20231108_173105-768x1024.jpg\" alt=\"\" class=\"wp-image-10687\" srcset=\"https:\/\/osobdravinji.si\/files\/2023\/11\/20231108_173105-768x1024.jpg 768w, https:\/\/osobdravinji.si\/files\/2023\/11\/20231108_173105-225x300.jpg 225w, https:\/\/osobdravinji.si\/files\/2023\/11\/20231108_173105-1152x1536.jpg 1152w, https:\/\/osobdravinji.si\/files\/2023\/11\/20231108_173105-1536x2048.jpg 1536w, https:\/\/osobdravinji.si\/files\/2023\/11\/20231108_173105-947x1263.jpg 947w, https:\/\/osobdravinji.si\/files\/2023\/11\/20231108_173105-624x832.jpg 624w, https:\/\/osobdravinji.si\/files\/2023\/11\/20231108_173105-scaled.jpg 1920w\" sizes=\"auto, (max-width: 768px) 100vw, 768px\" \/><\/figure>\n<\/figure>\n\n\n\n<figure class=\"wp-block-image size-large\"><img loading=\"lazy\" decoding=\"async\" width=\"1024\" height=\"768\" src=\"https:\/\/osobdravinji.si\/files\/2023\/11\/20231108_173831-1-1024x768.jpg\" alt=\"\" class=\"wp-image-10690\" srcset=\"https:\/\/osobdravinji.si\/files\/2023\/11\/20231108_173831-1-1024x768.jpg 1024w, https:\/\/osobdravinji.si\/files\/2023\/11\/20231108_173831-1-300x225.jpg 300w, https:\/\/osobdravinji.si\/files\/2023\/11\/20231108_173831-1-768x576.jpg 768w, https:\/\/osobdravinji.si\/files\/2023\/11\/20231108_173831-1-1536x1152.jpg 1536w, https:\/\/osobdravinji.si\/files\/2023\/11\/20231108_173831-1-2048x1536.jpg 2048w, https:\/\/osobdravinji.si\/files\/2023\/11\/20231108_173831-1-947x710.jpg 947w, https:\/\/osobdravinji.si\/files\/2023\/11\/20231108_173831-1-624x468.jpg 624w\" sizes=\"auto, (max-width: 1024px) 100vw, 1024px\" \/><\/figure>\n","protected":false},"excerpt":{"rendered":"<p>Na\u0161a \u0161ola se vsako leto pod mentorstvom likovne pedagoginje Jerneje Menzinger odzove povabilu na likovni nate\u010daj Plakat miru. Pokrovitelj in organizator projekta je Lions klub, ki je letos \u017ee 20. leto zapored organiziral akcijo, na kateri so u\u010denci ustvarjali likovna dela z naslovom Upajmo si sanjati. Na\u0161o \u0161olo so letos zastopali u\u010denci 7. razredov. Za dr\u017eavno raven tekmovanja je bilo izbrano likovno delo u\u010denke Leni Modic, ki je prejela tudi priznanje. Iskrene \u010destitke.<\/p>\n","protected":false},"author":35615,"featured_media":0,"comment_status":"closed","ping_status":"closed","sticky":false,"template":"","format":"standard","meta":{"footnotes":""},"categories":[1],"tags":[],"class_list":["post-10534","post","type-post","status-publish","format-standard","hentry","category-novice"],"_links":{"self":[{"href":"https:\/\/osobdravinji.si\/index.php?rest_route=\/wp\/v2\/posts\/10534","targetHints":{"allow":["GET"]}}],"collection":[{"href":"https:\/\/osobdravinji.si\/index.php?rest_route=\/wp\/v2\/posts"}],"about":[{"href":"https:\/\/osobdravinji.si\/index.php?rest_route=\/wp\/v2\/types\/post"}],"author":[{"embeddable":true,"href":"https:\/\/osobdravinji.si\/index.php?rest_route=\/wp\/v2\/users\/35615"}],"replies":[{"embeddable":true,"href":"https:\/\/osobdravinji.si\/index.php?rest_route=%2Fwp%2Fv2%2Fcomments&post=10534"}],"version-history":[{"count":2,"href":"https:\/\/osobdravinji.si\/index.php?rest_route=\/wp\/v2\/posts\/10534\/revisions"}],"predecessor-version":[{"id":10691,"href":"https:\/\/osobdravinji.si\/index.php?rest_route=\/wp\/v2\/posts\/10534\/revisions\/10691"}],"wp:attachment":[{"href":"https:\/\/osobdravinji.si\/index.php?rest_route=%2Fwp%2Fv2%2Fmedia&parent=10534"}],"wp:term":[{"taxonomy":"category","embeddable":true,"href":"https:\/\/osobdravinji.si\/index.php?rest_route=%2Fwp%2Fv2%2Fcategories&post=10534"},{"taxonomy":"post_tag","embeddable":true,"href":"https:\/\/osobdravinji.si\/index.php?rest_route=%2Fwp%2Fv2%2Ftags&post=10534"}],"curies":[{"name":"wp","href":"https:\/\/api.w.org\/{rel}","templated":true}]}}