{"id":11345,"date":"2024-04-22T21:34:05","date_gmt":"2024-04-22T19:34:05","guid":{"rendered":"https:\/\/osobdravinji.splet.arnes.si\/?p=11345"},"modified":"2024-04-23T08:26:46","modified_gmt":"2024-04-23T06:26:46","slug":"festival-jezikajmo-bled-2024","status":"publish","type":"post","link":"https:\/\/osobdravinji.si\/?p=11345","title":{"rendered":"FESTIVAL JEZIKAJMO \u2013 BLED 2024"},"content":{"rendered":"\n<p>V petek, 19. 4. 2024, smo se u\u010denci 8. in 9. razredov v okviru izbirnega predmeta nem\u0161\u010dina udele\u017eili Unescove prireditve z naslovom Jezikajmo na Bledu. \u0160tirinajst \u0161ol je pripravilo glasbeno-plesne-gledali\u0161ke to\u010dke, ki so v razli\u010dnih jezikih poudarjale strpnost, nenasilje, sprejemanje druga\u010dnosti in medkulturno povezovanje. Na\u0161a \u0161ola se je pod mentorstvom gospe Brigite Berglez predstavila s plesno-pevsko to\u010dko S tabo je tako lep dan. Veseli smo, da smo lahko sodelovali na festivalu ter ponosno zastopali ime O\u0160 Ob Dravinji.<\/p>\n\n\n\n<figure class=\"wp-block-embed is-type-video is-provider-youtube wp-block-embed-youtube wp-embed-aspect-16-9 wp-has-aspect-ratio\"><div class=\"wp-block-embed__wrapper\">\n<iframe loading=\"lazy\" title=\"Jezikajmo 2024\" width=\"887\" height=\"499\" src=\"https:\/\/www.youtube.com\/embed\/uOqfQ2byFzI?feature=oembed\" frameborder=\"0\" allow=\"accelerometer; autoplay; clipboard-write; encrypted-media; gyroscope; picture-in-picture; web-share\" referrerpolicy=\"strict-origin-when-cross-origin\" allowfullscreen><\/iframe>\n<\/div><\/figure>\n\n\n\n<figure class=\"wp-block-image size-large\"><img loading=\"lazy\" decoding=\"async\" width=\"1024\" height=\"577\" src=\"https:\/\/osobdravinji.si\/files\/2024\/04\/Resized_20240419_084527-1024x577.jpeg\" alt=\"\" class=\"wp-image-11349\" srcset=\"https:\/\/osobdravinji.si\/files\/2024\/04\/Resized_20240419_084527-1024x577.jpeg 1024w, https:\/\/osobdravinji.si\/files\/2024\/04\/Resized_20240419_084527-300x169.jpeg 300w, https:\/\/osobdravinji.si\/files\/2024\/04\/Resized_20240419_084527-768x432.jpeg 768w, https:\/\/osobdravinji.si\/files\/2024\/04\/Resized_20240419_084527-1536x865.jpeg 1536w, https:\/\/osobdravinji.si\/files\/2024\/04\/Resized_20240419_084527-947x533.jpeg 947w, https:\/\/osobdravinji.si\/files\/2024\/04\/Resized_20240419_084527-624x351.jpeg 624w, https:\/\/osobdravinji.si\/files\/2024\/04\/Resized_20240419_084527.jpeg 1918w\" sizes=\"auto, (max-width: 1024px) 100vw, 1024px\" \/><\/figure>\n","protected":false},"excerpt":{"rendered":"<p>V petek, 19. 4. 2024, smo se u\u010denci 8. in 9. razredov v okviru izbirnega predmeta nem\u0161\u010dina udele\u017eili Unescove prireditve z naslovom Jezikajmo na Bledu. \u0160tirinajst \u0161ol je pripravilo glasbeno-plesne-gledali\u0161ke to\u010dke, ki so v razli\u010dnih jezikih poudarjale strpnost, nenasilje, sprejemanje druga\u010dnosti in medkulturno povezovanje. Na\u0161a \u0161ola se je pod mentorstvom gospe Brigite Berglez predstavila s plesno-pevsko to\u010dko S tabo je tako lep dan. Veseli smo, da smo lahko sodelovali na festivalu ter ponosno zastopali ime O\u0160 Ob Dravinji.<\/p>\n","protected":false},"author":35615,"featured_media":0,"comment_status":"closed","ping_status":"closed","sticky":false,"template":"","format":"standard","meta":{"footnotes":""},"categories":[1],"tags":[],"class_list":["post-11345","post","type-post","status-publish","format-standard","hentry","category-novice"],"_links":{"self":[{"href":"https:\/\/osobdravinji.si\/index.php?rest_route=\/wp\/v2\/posts\/11345","targetHints":{"allow":["GET"]}}],"collection":[{"href":"https:\/\/osobdravinji.si\/index.php?rest_route=\/wp\/v2\/posts"}],"about":[{"href":"https:\/\/osobdravinji.si\/index.php?rest_route=\/wp\/v2\/types\/post"}],"author":[{"embeddable":true,"href":"https:\/\/osobdravinji.si\/index.php?rest_route=\/wp\/v2\/users\/35615"}],"replies":[{"embeddable":true,"href":"https:\/\/osobdravinji.si\/index.php?rest_route=%2Fwp%2Fv2%2Fcomments&post=11345"}],"version-history":[{"count":2,"href":"https:\/\/osobdravinji.si\/index.php?rest_route=\/wp\/v2\/posts\/11345\/revisions"}],"predecessor-version":[{"id":11350,"href":"https:\/\/osobdravinji.si\/index.php?rest_route=\/wp\/v2\/posts\/11345\/revisions\/11350"}],"wp:attachment":[{"href":"https:\/\/osobdravinji.si\/index.php?rest_route=%2Fwp%2Fv2%2Fmedia&parent=11345"}],"wp:term":[{"taxonomy":"category","embeddable":true,"href":"https:\/\/osobdravinji.si\/index.php?rest_route=%2Fwp%2Fv2%2Fcategories&post=11345"},{"taxonomy":"post_tag","embeddable":true,"href":"https:\/\/osobdravinji.si\/index.php?rest_route=%2Fwp%2Fv2%2Ftags&post=11345"}],"curies":[{"name":"wp","href":"https:\/\/api.w.org\/{rel}","templated":true}]}}