{"id":12243,"date":"2024-09-30T08:58:10","date_gmt":"2024-09-30T06:58:10","guid":{"rendered":"https:\/\/osobdravinji.splet.arnes.si\/?p=12243"},"modified":"2024-10-03T19:54:20","modified_gmt":"2024-10-03T17:54:20","slug":"evropski-dan-jezikov","status":"publish","type":"post","link":"https:\/\/osobdravinji.si\/?p=12243","title":{"rendered":"EVROPSKI DAN JEZIKOV"},"content":{"rendered":"\n<p>V \u010detrtek 26. 9. 2024 se je \u0161olski radio na O\u0160 Ob Dravinji oglasil s prav posebnim razlogom, saj vsako leto 26. septembra obele\u017eujemo Evropski dan jezikov. Ta dan je bil ustanovljen leta 2001 z namenom, da bi spodbudili u\u010denje jezikov, praznovali jezikovno in kulturno raznolikost Evrope ter opozorili na pomembnost komunikacije v razli\u010dnih jezikih.<\/p>\n\n\n\n<p>Leto\u0161nji Evropski dan jezikov smo\u00a0 z u\u010denci na O\u0160 Ob Dravinji obele\u017eili z zanimivo, igrivo in predvsem jezikovno obarvano radijsko oddajo. U\u010denci od 1. do 9. razreda so ob za\u010detku \u0161olskega dne prisluhnili Aneju Poto\u010dniku in Brini Dolin\u0161ek iz 8. a razreda, ki sta jih popeljala v SVET EVROPSKIH JEZIKOV, jim predstavila raznolikost le-teh in jih pou\u010dila o pomembni vlogi u\u010denja in znanja jezikov za ljudi. V nadaljevanju \u00a0programa so u\u010denci 1. triletja ugibali o jezikih v Evropi in po svetu. Radijska oddaja se je zaklju\u010dila s prisr\u010dno pravljico o RDE\u010cI KAPICI, ki so jo u\u010denci O\u0160 Ob Dravinji pripovedovali v petih razli\u010dnih jezikih. Pravljico v ru\u0161\u010dini je prebrala <strong>Maiia\u00a0 <\/strong><a href=\"https:\/\/www.lopolis.si\/\"><strong>Goncharova iz\u00a0 <\/strong><\/a><strong>5. b razreda<\/strong>, pravljico v alban\u0161\u010dini je prebrala <strong>Adisa Zekjiri iz\u00a0 8. a<\/strong> <strong>razreda<\/strong>, pravljico v franco\u0161\u010dini je prebral <strong>Victorien Maccagnan iz 8. b razreda<\/strong>, pravljico v nem\u0161\u010dini je prebral <strong>Jaka Mark Obrul iz\u00a0 8. a razreda<\/strong> in pravljico\u00a0 v angle\u0161\u010dini je prebral <strong>Martin Pavlovi\u010d iz\u00a0 5. b razreda<\/strong>.<\/p>\n\n\n\n<p>&nbsp;Ob poslu\u0161anju so nas ponovno navdihnili raznolikost in lepota jezikov, ki nas obkro\u017eajo.<\/p>\n\n\n\n<figure class=\"wp-block-audio\"><audio controls src=\"https:\/\/osobdravinji.si\/files\/2024\/09\/mix_9m34s-audio-joiner.com.mp3\"><\/audio><\/figure>\n","protected":false},"excerpt":{"rendered":"<p>V \u010detrtek 26. 9. 2024 se je \u0161olski radio na O\u0160 Ob Dravinji oglasil s prav posebnim razlogom, saj vsako leto 26. septembra obele\u017eujemo Evropski dan jezikov. Ta dan je bil ustanovljen leta 2001 z namenom, da bi spodbudili u\u010denje jezikov, praznovali jezikovno in kulturno raznolikost Evrope ter opozorili na pomembnost komunikacije v razli\u010dnih jezikih. Leto\u0161nji Evropski dan jezikov smo\u00a0 z u\u010denci na O\u0160 Ob Dravinji obele\u017eili z zanimivo, igrivo in predvsem jezikovno obarvano radijsko oddajo. U\u010denci od 1. do 9. razreda so ob za\u010detku \u0161olskega dne prisluhnili Aneju Poto\u010dniku in Brini Dolin\u0161ek iz 8. a razreda, ki sta jih [&hellip;]<\/p>\n","protected":false},"author":35617,"featured_media":0,"comment_status":"closed","ping_status":"closed","sticky":false,"template":"","format":"standard","meta":{"footnotes":""},"categories":[1],"tags":[],"class_list":["post-12243","post","type-post","status-publish","format-standard","hentry","category-novice"],"_links":{"self":[{"href":"https:\/\/osobdravinji.si\/index.php?rest_route=\/wp\/v2\/posts\/12243","targetHints":{"allow":["GET"]}}],"collection":[{"href":"https:\/\/osobdravinji.si\/index.php?rest_route=\/wp\/v2\/posts"}],"about":[{"href":"https:\/\/osobdravinji.si\/index.php?rest_route=\/wp\/v2\/types\/post"}],"author":[{"embeddable":true,"href":"https:\/\/osobdravinji.si\/index.php?rest_route=\/wp\/v2\/users\/35617"}],"replies":[{"embeddable":true,"href":"https:\/\/osobdravinji.si\/index.php?rest_route=%2Fwp%2Fv2%2Fcomments&post=12243"}],"version-history":[{"count":2,"href":"https:\/\/osobdravinji.si\/index.php?rest_route=\/wp\/v2\/posts\/12243\/revisions"}],"predecessor-version":[{"id":12299,"href":"https:\/\/osobdravinji.si\/index.php?rest_route=\/wp\/v2\/posts\/12243\/revisions\/12299"}],"wp:attachment":[{"href":"https:\/\/osobdravinji.si\/index.php?rest_route=%2Fwp%2Fv2%2Fmedia&parent=12243"}],"wp:term":[{"taxonomy":"category","embeddable":true,"href":"https:\/\/osobdravinji.si\/index.php?rest_route=%2Fwp%2Fv2%2Fcategories&post=12243"},{"taxonomy":"post_tag","embeddable":true,"href":"https:\/\/osobdravinji.si\/index.php?rest_route=%2Fwp%2Fv2%2Ftags&post=12243"}],"curies":[{"name":"wp","href":"https:\/\/api.w.org\/{rel}","templated":true}]}}