{"id":12302,"date":"2024-10-03T20:00:17","date_gmt":"2024-10-03T18:00:17","guid":{"rendered":"https:\/\/osobdravinji.splet.arnes.si\/?p=12302"},"modified":"2024-10-10T21:00:23","modified_gmt":"2024-10-10T19:00:23","slug":"likovni-natecaj-tecemo","status":"publish","type":"post","link":"https:\/\/osobdravinji.si\/?p=12302","title":{"rendered":"Likovni nate\u010daj TE\u010cEMO"},"content":{"rendered":"\n<p>V petek, 27. 9. 2024, se je v Domu Kulture odvijalo odprtje razstave likovnih del u\u010dencev Dravinjske doline, ki so sodelovali na 4. Likovnem nate\u010daju Te\u010demo. Vsako leto ga organizira Center za kulturne prireditve Slovenske Konjice v sodelovanju s Konji\u0161kim maratonom. Vsako leto se trem najuspe\u0161nej\u0161im u\u010dencem podelijo tudi nagrade. Letos so na\u0161o \u0161olo zastopali \u0161tirje izbrani u\u010denci: Emilija Brdnik, Hana Ko\u010dnik, Zoja Ga\u0161par \u0160tante in \u017dan \u0160vab, vsi u\u010denci 9. razreda. Zojino delo pa je bilo tudi med nagrajenimi. Osvojila je tretjo nagrado. \u010cestitamo.<\/p>\n\n\n\n<p>Mentorica: Jerneja Menzinger<\/p>\n\n\n\n<figure class=\"wp-block-image size-large\"><img loading=\"lazy\" decoding=\"async\" width=\"768\" height=\"1024\" src=\"https:\/\/osobdravinji.si\/files\/2024\/10\/20240927_181906-768x1024.jpg\" alt=\"\" class=\"wp-image-12395\" srcset=\"https:\/\/osobdravinji.si\/files\/2024\/10\/20240927_181906-768x1024.jpg 768w, https:\/\/osobdravinji.si\/files\/2024\/10\/20240927_181906-225x300.jpg 225w, https:\/\/osobdravinji.si\/files\/2024\/10\/20240927_181906-1152x1536.jpg 1152w, https:\/\/osobdravinji.si\/files\/2024\/10\/20240927_181906-1536x2048.jpg 1536w, https:\/\/osobdravinji.si\/files\/2024\/10\/20240927_181906-947x1263.jpg 947w, https:\/\/osobdravinji.si\/files\/2024\/10\/20240927_181906-624x832.jpg 624w, https:\/\/osobdravinji.si\/files\/2024\/10\/20240927_181906-scaled.jpg 1920w\" sizes=\"auto, (max-width: 768px) 100vw, 768px\" \/><\/figure>\n\n\n\n<figure class=\"wp-block-gallery has-nested-images columns-default is-cropped wp-block-gallery-1 is-layout-flex wp-block-gallery-is-layout-flex\">\n<figure class=\"wp-block-image size-large\"><img loading=\"lazy\" decoding=\"async\" width=\"1024\" height=\"768\" data-id=\"12397\" src=\"https:\/\/osobdravinji.si\/files\/2024\/10\/IMG_20240927_182606-1024x768.jpg\" alt=\"\" class=\"wp-image-12397\" srcset=\"https:\/\/osobdravinji.si\/files\/2024\/10\/IMG_20240927_182606-1024x768.jpg 1024w, https:\/\/osobdravinji.si\/files\/2024\/10\/IMG_20240927_182606-300x225.jpg 300w, https:\/\/osobdravinji.si\/files\/2024\/10\/IMG_20240927_182606-768x576.jpg 768w, https:\/\/osobdravinji.si\/files\/2024\/10\/IMG_20240927_182606-1536x1152.jpg 1536w, https:\/\/osobdravinji.si\/files\/2024\/10\/IMG_20240927_182606-2048x1536.jpg 2048w, https:\/\/osobdravinji.si\/files\/2024\/10\/IMG_20240927_182606-947x710.jpg 947w, https:\/\/osobdravinji.si\/files\/2024\/10\/IMG_20240927_182606-624x468.jpg 624w\" sizes=\"auto, (max-width: 1024px) 100vw, 1024px\" \/><\/figure>\n<\/figure>\n\n\n\n<figure class=\"wp-block-image size-large\"><img loading=\"lazy\" decoding=\"async\" width=\"1024\" height=\"768\" src=\"https:\/\/osobdravinji.si\/files\/2024\/10\/IMG_20240927_183209-1024x768.jpg\" alt=\"\" class=\"wp-image-12398\" srcset=\"https:\/\/osobdravinji.si\/files\/2024\/10\/IMG_20240927_183209-1024x768.jpg 1024w, https:\/\/osobdravinji.si\/files\/2024\/10\/IMG_20240927_183209-300x225.jpg 300w, https:\/\/osobdravinji.si\/files\/2024\/10\/IMG_20240927_183209-768x576.jpg 768w, https:\/\/osobdravinji.si\/files\/2024\/10\/IMG_20240927_183209-1536x1152.jpg 1536w, https:\/\/osobdravinji.si\/files\/2024\/10\/IMG_20240927_183209-2048x1536.jpg 2048w, https:\/\/osobdravinji.si\/files\/2024\/10\/IMG_20240927_183209-947x710.jpg 947w, https:\/\/osobdravinji.si\/files\/2024\/10\/IMG_20240927_183209-624x468.jpg 624w\" sizes=\"auto, (max-width: 1024px) 100vw, 1024px\" \/><\/figure>\n","protected":false},"excerpt":{"rendered":"<p>V petek, 27. 9. 2024, se je v Domu Kulture odvijalo odprtje razstave likovnih del u\u010dencev Dravinjske doline, ki so sodelovali na 4. Likovnem nate\u010daju Te\u010demo. Vsako leto ga organizira Center za kulturne prireditve Slovenske Konjice v sodelovanju s Konji\u0161kim maratonom. Vsako leto se trem najuspe\u0161nej\u0161im u\u010dencem podelijo tudi nagrade. Letos so na\u0161o \u0161olo zastopali \u0161tirje izbrani u\u010denci: Emilija Brdnik, Hana Ko\u010dnik, Zoja Ga\u0161par \u0160tante in \u017dan \u0160vab, vsi u\u010denci 9. razreda. Zojino delo pa je bilo tudi med nagrajenimi. Osvojila je tretjo nagrado. \u010cestitamo. Mentorica: Jerneja Menzinger<\/p>\n","protected":false},"author":35619,"featured_media":0,"comment_status":"closed","ping_status":"closed","sticky":false,"template":"","format":"standard","meta":{"footnotes":""},"categories":[1],"tags":[],"class_list":["post-12302","post","type-post","status-publish","format-standard","hentry","category-novice"],"_links":{"self":[{"href":"https:\/\/osobdravinji.si\/index.php?rest_route=\/wp\/v2\/posts\/12302","targetHints":{"allow":["GET"]}}],"collection":[{"href":"https:\/\/osobdravinji.si\/index.php?rest_route=\/wp\/v2\/posts"}],"about":[{"href":"https:\/\/osobdravinji.si\/index.php?rest_route=\/wp\/v2\/types\/post"}],"author":[{"embeddable":true,"href":"https:\/\/osobdravinji.si\/index.php?rest_route=\/wp\/v2\/users\/35619"}],"replies":[{"embeddable":true,"href":"https:\/\/osobdravinji.si\/index.php?rest_route=%2Fwp%2Fv2%2Fcomments&post=12302"}],"version-history":[{"count":3,"href":"https:\/\/osobdravinji.si\/index.php?rest_route=\/wp\/v2\/posts\/12302\/revisions"}],"predecessor-version":[{"id":12400,"href":"https:\/\/osobdravinji.si\/index.php?rest_route=\/wp\/v2\/posts\/12302\/revisions\/12400"}],"wp:attachment":[{"href":"https:\/\/osobdravinji.si\/index.php?rest_route=%2Fwp%2Fv2%2Fmedia&parent=12302"}],"wp:term":[{"taxonomy":"category","embeddable":true,"href":"https:\/\/osobdravinji.si\/index.php?rest_route=%2Fwp%2Fv2%2Fcategories&post=12302"},{"taxonomy":"post_tag","embeddable":true,"href":"https:\/\/osobdravinji.si\/index.php?rest_route=%2Fwp%2Fv2%2Ftags&post=12302"}],"curies":[{"name":"wp","href":"https:\/\/api.w.org\/{rel}","templated":true}]}}