{"id":12886,"date":"2024-12-02T11:24:55","date_gmt":"2024-12-02T10:24:55","guid":{"rendered":"https:\/\/osobdravinji.splet.arnes.si\/?p=12886"},"modified":"2024-12-02T11:25:03","modified_gmt":"2024-12-02T10:25:03","slug":"obisk-knjiznega-sejma-v-ljubljani","status":"publish","type":"post","link":"https:\/\/osobdravinji.si\/?p=12886","title":{"rendered":"OBISK KNJI\u017dNEGA SEJMA V LJUBLJANI"},"content":{"rendered":"\n<p>V \u010detrtek, 28. 11. 2024, smo se u\u010denci izbirnih predmetov \u0161olsko novinarstvo, gledali\u0161ki klub in vzgoja za medije: tisk odpravili v Ljubljano na knji\u017eni sejem. Pred \u0161olo smo se zbrali ob 7.20, prevzeli malico in se z avtobusom ob 7.30 odpravili proti Gospodarskemu razstavi\u0161\u010du v na\u0161i prestolnici.<\/p>\n\n\n\n<p>Ko smo prispeli na sejem, so nam u\u010ditelji omogo\u010dili prosto uro, z namenom da si sami pogledamo sejem in mogo\u010de kupimo kak\u0161no knjigo. Na sejmu si lahko dobil ogromno zanimivih knjig in tudi najnovej\u0161e izvode le-teh, vse po vrsti pa so bile na voljo po ugodni sejemski ceni. Po kon\u010danem ogledu sejma smo si ogledali predstavo o Ivanu Minattiju oziroma natan\u010dneje o literarno-turisti\u010dni poti Po Minattijevih stopinjah, ki jo je pripravil na\u0161 gledali\u0161ki klub.<\/p>\n\n\n\n<p>Na sejmu so imele stojnico tudi Slovenske Konjice \u2013 tokratno mesto v gosteh. Na njej si lahko poskusil Minattijevo kavo in izvedel ve\u010d o tem pomembnem slovenskem pesniku. Videli smo tudi Bo\u0161tjana Gorenca \u2013 Pi\u017eamo, Primo\u017ea Suhodol\u010dana in Uro\u0161a Hrovata.<\/p>\n\n\n\n<p>Odpravili smo se nazaj na \u0160tajersko in zadovoljni prispeli domov.<\/p>\n\n\n\n<p>\u0160olski novinar Urban Toma\u017ein<\/p>\n","protected":false},"excerpt":{"rendered":"<p>V \u010detrtek, 28. 11. 2024, smo se u\u010denci izbirnih predmetov \u0161olsko novinarstvo, gledali\u0161ki klub in vzgoja za medije: tisk odpravili v Ljubljano na knji\u017eni sejem. Pred \u0161olo smo se zbrali ob 7.20, prevzeli malico in se z avtobusom ob 7.30 odpravili proti Gospodarskemu razstavi\u0161\u010du v na\u0161i prestolnici. Ko smo prispeli na sejem, so nam u\u010ditelji omogo\u010dili prosto uro, z namenom da si sami pogledamo sejem in mogo\u010de kupimo kak\u0161no knjigo. Na sejmu si lahko dobil ogromno zanimivih knjig in tudi najnovej\u0161e izvode le-teh, vse po vrsti pa so bile na voljo po ugodni sejemski ceni. Po kon\u010danem ogledu sejma smo [&hellip;]<\/p>\n","protected":false},"author":35617,"featured_media":0,"comment_status":"closed","ping_status":"closed","sticky":false,"template":"","format":"standard","meta":{"footnotes":""},"categories":[1],"tags":[],"class_list":["post-12886","post","type-post","status-publish","format-standard","hentry","category-novice"],"_links":{"self":[{"href":"https:\/\/osobdravinji.si\/index.php?rest_route=\/wp\/v2\/posts\/12886","targetHints":{"allow":["GET"]}}],"collection":[{"href":"https:\/\/osobdravinji.si\/index.php?rest_route=\/wp\/v2\/posts"}],"about":[{"href":"https:\/\/osobdravinji.si\/index.php?rest_route=\/wp\/v2\/types\/post"}],"author":[{"embeddable":true,"href":"https:\/\/osobdravinji.si\/index.php?rest_route=\/wp\/v2\/users\/35617"}],"replies":[{"embeddable":true,"href":"https:\/\/osobdravinji.si\/index.php?rest_route=%2Fwp%2Fv2%2Fcomments&post=12886"}],"version-history":[{"count":2,"href":"https:\/\/osobdravinji.si\/index.php?rest_route=\/wp\/v2\/posts\/12886\/revisions"}],"predecessor-version":[{"id":12888,"href":"https:\/\/osobdravinji.si\/index.php?rest_route=\/wp\/v2\/posts\/12886\/revisions\/12888"}],"wp:attachment":[{"href":"https:\/\/osobdravinji.si\/index.php?rest_route=%2Fwp%2Fv2%2Fmedia&parent=12886"}],"wp:term":[{"taxonomy":"category","embeddable":true,"href":"https:\/\/osobdravinji.si\/index.php?rest_route=%2Fwp%2Fv2%2Fcategories&post=12886"},{"taxonomy":"post_tag","embeddable":true,"href":"https:\/\/osobdravinji.si\/index.php?rest_route=%2Fwp%2Fv2%2Ftags&post=12886"}],"curies":[{"name":"wp","href":"https:\/\/api.w.org\/{rel}","templated":true}]}}