{"id":13345,"date":"2025-03-07T08:04:10","date_gmt":"2025-03-07T07:04:10","guid":{"rendered":"https:\/\/osobdravinji.splet.arnes.si\/?p=13345"},"modified":"2025-03-08T00:57:37","modified_gmt":"2025-03-07T23:57:37","slug":"rojstvo","status":"publish","type":"post","link":"https:\/\/osobdravinji.si\/?p=13345","title":{"rendered":"ROJSTVO"},"content":{"rendered":"\n<p class=\"has-vivid-red-color has-text-color has-link-color wp-elements-1acf54db4d5125f058a7aa2822868b98\"><strong>KDO SO VELIKANI MED NAMI<\/strong><\/p>\n\n\n\n<p class=\"has-vivid-green-cyan-color has-text-color has-link-color wp-elements-f056d015340b98e99500ad00c5c69bbc\"><strong>U\u010denci in u\u010ditelji Osnovne \u0161ole Ob Dravinji so 27. februarja 2025 v Domu kulture Slov. Konjice izpeljali \u017ee 23. tradicionalno prireditev, ki jo vsako leto pripravijo v okviru projekta Rojstvo.<\/strong><\/p>\n\n\n\n<p><strong><u>Kdo pa je zame velikan?<\/u><\/strong><\/p>\n\n\n\n<p>To vpra\u0161anje so si v sklopu leto\u0161njega projekta Rojstvo, ki je bilo <strong>\u017ee 23. po vrsti<\/strong>, zastavili u\u010denci O\u0160 Ob Dravinji. Ob tem so ugotovili, da je velikan ne samo pravlji\u010dno bitje, mo\u010dan ali nadpovpre\u010dno uspe\u0161en \u010dlovek, temve\u010d tudi vsak izmed nas. Slede\u010d scenariju, ki ga je napisala <strong>Tina Vahter<\/strong>, tehni\u010dno pa podkrepila <strong>Kaja Bicskey<\/strong>, in glasbenim to\u010dkam, med katerimi so bile tudi avtorske pesmi <strong>Janje Stampfer<\/strong>, zapeli pa so jih \u010dlani pevskih zborov, ki delujejo pod vodstvom <strong>Romane Pokorn<\/strong> in <strong>Janje Stampfer<\/strong>, se je na odru Doma kulture zvrstilo ve\u010d kot 200 u\u010dencev. Ti so z nau\u010denimi besedili, odigranimi prizori, zapetimi pesmimi in ustvarjenimi izdelki do solz ganili gledalce, ki so do zadnjega koti\u010dka napolnili dvorano. Projekt sta dopolnila \u0161e literarno-likovni zbornik, za katerega vsako leto poskrbita <strong>Jovita Kova\u010d<\/strong> ter <strong>Valentina Volav\u0161ek<\/strong>, in razstava likovnih del u\u010dencev, ki jo je tudi tokrat oblikovala <strong>Jerneja Menzinger<\/strong>. Nikakor ne smemo pozabiti na prispevek <strong>Mihaela Stampferja<\/strong>, ki je tako kot vsako leto do sedaj poskrbel za tehni\u010dno podporo in ra\u010dunalni\u0161ko oblikovanje zbornika, <strong>Sonje Rak Zalo\u017enik<\/strong> \u2013 avtorice igre konji\u0161ki zmaj, ter nepogre\u0161ljivih <strong>Brigite Berglez<\/strong> in <strong>Katje Holobar<\/strong>, ki sta prispevali pomemben kamen\u010dek v mozaiku celotne \u00bbslike\u00ab projekta.<\/p>\n\n\n\n<p><strong>PREDVSEM STAR\u0160I SO VELIKANI IN ZGLED<\/strong><\/p>\n\n\n\n<p>Ravnateljica Osnovne \u0161ole Ob Dravinji, <strong>mag. Nevenka Brdnik<\/strong>, je tudi tokrat s ponosom in veliko mero podpore spremljala celoten projekt od njegovih osnutkov do kon\u010dne realizacije. V svoji zaklju\u010dni misli, izra\u017eeni po preireditvi, je poudarila, da so star\u0161i zaradi nesebi\u010dne ljubezni, podpore in spodbud najve\u010dkrat tisti, ki so v o\u010deh svojih otrok \u00bbvelikani\u00ab &#8211; vzor, zato je potrebno stremeti k dobrim delom in pozitivni podobi, ki jo ljudje ka\u017eemo navzven.<\/p>\n\n\n\n<p><strong>U\u010denci \u0161olskega novinarstva<\/strong><\/p>\n\n\n\n<figure class=\"wp-block-image size-large\"><img loading=\"lazy\" decoding=\"async\" width=\"723\" height=\"1024\" src=\"https:\/\/osobdravinji.si\/files\/2025\/03\/Neimenovano-723x1024.jpg\" alt=\"\" class=\"wp-image-13358\" srcset=\"https:\/\/osobdravinji.si\/files\/2025\/03\/Neimenovano-723x1024.jpg 723w, https:\/\/osobdravinji.si\/files\/2025\/03\/Neimenovano-212x300.jpg 212w, https:\/\/osobdravinji.si\/files\/2025\/03\/Neimenovano-768x1088.jpg 768w, https:\/\/osobdravinji.si\/files\/2025\/03\/Neimenovano-1084x1536.jpg 1084w, https:\/\/osobdravinji.si\/files\/2025\/03\/Neimenovano-947x1342.jpg 947w, https:\/\/osobdravinji.si\/files\/2025\/03\/Neimenovano-624x884.jpg 624w, https:\/\/osobdravinji.si\/files\/2025\/03\/Neimenovano.jpg 1445w\" sizes=\"auto, (max-width: 723px) 100vw, 723px\" \/><\/figure>\n","protected":false},"excerpt":{"rendered":"<p>KDO SO VELIKANI MED NAMI U\u010denci in u\u010ditelji Osnovne \u0161ole Ob Dravinji so 27. februarja 2025 v Domu kulture Slov. Konjice izpeljali \u017ee 23. tradicionalno prireditev, ki jo vsako leto pripravijo v okviru projekta Rojstvo. Kdo pa je zame velikan? To vpra\u0161anje so si v sklopu leto\u0161njega projekta Rojstvo, ki je bilo \u017ee 23. po vrsti, zastavili u\u010denci O\u0160 Ob Dravinji. Ob tem so ugotovili, da je velikan ne samo pravlji\u010dno bitje, mo\u010dan ali nadpovpre\u010dno uspe\u0161en \u010dlovek, temve\u010d tudi vsak izmed nas. Slede\u010d scenariju, ki ga je napisala Tina Vahter, tehni\u010dno pa podkrepila Kaja Bicskey, in glasbenim to\u010dkam, med katerimi [&hellip;]<\/p>\n","protected":false},"author":35617,"featured_media":0,"comment_status":"closed","ping_status":"closed","sticky":false,"template":"","format":"standard","meta":{"footnotes":""},"categories":[1],"tags":[],"class_list":["post-13345","post","type-post","status-publish","format-standard","hentry","category-novice"],"_links":{"self":[{"href":"https:\/\/osobdravinji.si\/index.php?rest_route=\/wp\/v2\/posts\/13345","targetHints":{"allow":["GET"]}}],"collection":[{"href":"https:\/\/osobdravinji.si\/index.php?rest_route=\/wp\/v2\/posts"}],"about":[{"href":"https:\/\/osobdravinji.si\/index.php?rest_route=\/wp\/v2\/types\/post"}],"author":[{"embeddable":true,"href":"https:\/\/osobdravinji.si\/index.php?rest_route=\/wp\/v2\/users\/35617"}],"replies":[{"embeddable":true,"href":"https:\/\/osobdravinji.si\/index.php?rest_route=%2Fwp%2Fv2%2Fcomments&post=13345"}],"version-history":[{"count":2,"href":"https:\/\/osobdravinji.si\/index.php?rest_route=\/wp\/v2\/posts\/13345\/revisions"}],"predecessor-version":[{"id":13359,"href":"https:\/\/osobdravinji.si\/index.php?rest_route=\/wp\/v2\/posts\/13345\/revisions\/13359"}],"wp:attachment":[{"href":"https:\/\/osobdravinji.si\/index.php?rest_route=%2Fwp%2Fv2%2Fmedia&parent=13345"}],"wp:term":[{"taxonomy":"category","embeddable":true,"href":"https:\/\/osobdravinji.si\/index.php?rest_route=%2Fwp%2Fv2%2Fcategories&post=13345"},{"taxonomy":"post_tag","embeddable":true,"href":"https:\/\/osobdravinji.si\/index.php?rest_route=%2Fwp%2Fv2%2Ftags&post=13345"}],"curies":[{"name":"wp","href":"https:\/\/api.w.org\/{rel}","templated":true}]}}