{"id":1411,"date":"2019-10-21T21:23:31","date_gmt":"2019-10-21T19:23:31","guid":{"rendered":"http:\/\/osobdravinji.splet.arnes.si\/?p=1411"},"modified":"2019-10-29T12:58:51","modified_gmt":"2019-10-29T11:58:51","slug":"drobtinica-2019","status":"publish","type":"post","link":"https:\/\/osobdravinji.si\/?p=1411","title":{"rendered":"Drobtinica 2019"},"content":{"rendered":"<figure id=\"attachment_1447\" aria-describedby=\"caption-attachment-1447\" style=\"width: 887px\" class=\"wp-caption alignnone\"><a href=\"http:\/\/osobdravinji.splet.arnes.si\/files\/2019\/10\/IMG_20191019_094144.jpg\"><img loading=\"lazy\" decoding=\"async\" class=\"size-large wp-image-1447\" src=\"http:\/\/osobdravinji.splet.arnes.si\/files\/2019\/10\/IMG_20191019_094144-1024x768.jpg\" alt=\"\" width=\"887\" height=\"665\" srcset=\"https:\/\/osobdravinji.si\/files\/2019\/10\/IMG_20191019_094144-1024x768.jpg 1024w, https:\/\/osobdravinji.si\/files\/2019\/10\/IMG_20191019_094144-300x225.jpg 300w, https:\/\/osobdravinji.si\/files\/2019\/10\/IMG_20191019_094144-768x576.jpg 768w, https:\/\/osobdravinji.si\/files\/2019\/10\/IMG_20191019_094144-73x55.jpg 73w, https:\/\/osobdravinji.si\/files\/2019\/10\/IMG_20191019_094144-947x710.jpg 947w, https:\/\/osobdravinji.si\/files\/2019\/10\/IMG_20191019_094144-624x468.jpg 624w\" sizes=\"auto, (max-width: 887px) 100vw, 887px\" \/><\/a><figcaption id=\"caption-attachment-1447\" class=\"wp-caption-text\">dav<\/figcaption><\/figure>\n<h5>V soboto, 19. 10. 2019, je v Slovenskih Konjicah potekala \u017ee 19. tradicionalna humanitarna akcija Drobtinica, na kateri je sodelovala tudi na\u0161a \u0161ola. Na na\u0161i stojnici, ki je stala pri trgovini Mercator, so u\u010denci v zameno za prostovoljne prispevke ponujali kruh, pecivo in \u0161e mnogo drugih doma\u010dih dobrot. S pridnim delom smo zbrali kar 628 \u20ac, ki jih bomo v \u0161olskem skladu porabili za pla\u010dilo toplih obrokov u\u010dencev iz socialno ogro\u017eenega okolja. Zahvaljujemo se u\u010dencem, ki so pomagali na stojnici. To so bili: Nik Bezovnik in Tinkara Sor\u0161ak iz 7. a razreda ter Nela Jelenko iz 8. a. Iskrena hvala vsem, ki ste se ustavili pri na\u0161i stojnici in darovali za \u0161olski sklad.<\/h5>\n","protected":false},"excerpt":{"rendered":"<p>V soboto, 19. 10. 2019, je v Slovenskih Konjicah potekala \u017ee 19. tradicionalna humanitarna akcija Drobtinica, na kateri je sodelovala tudi na\u0161a \u0161ola. Na na\u0161i stojnici, ki je stala pri trgovini Mercator, so u\u010denci v zameno za prostovoljne prispevke ponujali kruh, pecivo in \u0161e mnogo drugih doma\u010dih dobrot. S pridnim delom smo zbrali kar 628 \u20ac, ki jih bomo v \u0161olskem skladu porabili za pla\u010dilo toplih obrokov u\u010dencev iz socialno ogro\u017eenega okolja. Zahvaljujemo se u\u010dencem, ki so pomagali na stojnici. To so bili: Nik Bezovnik in Tinkara Sor\u0161ak iz 7. a razreda ter Nela Jelenko iz 8. a. Iskrena hvala [&hellip;]<\/p>\n","protected":false},"author":35615,"featured_media":0,"comment_status":"closed","ping_status":"closed","sticky":false,"template":"","format":"standard","meta":{"footnotes":""},"categories":[1],"tags":[],"class_list":["post-1411","post","type-post","status-publish","format-standard","hentry","category-novice"],"_links":{"self":[{"href":"https:\/\/osobdravinji.si\/index.php?rest_route=\/wp\/v2\/posts\/1411","targetHints":{"allow":["GET"]}}],"collection":[{"href":"https:\/\/osobdravinji.si\/index.php?rest_route=\/wp\/v2\/posts"}],"about":[{"href":"https:\/\/osobdravinji.si\/index.php?rest_route=\/wp\/v2\/types\/post"}],"author":[{"embeddable":true,"href":"https:\/\/osobdravinji.si\/index.php?rest_route=\/wp\/v2\/users\/35615"}],"replies":[{"embeddable":true,"href":"https:\/\/osobdravinji.si\/index.php?rest_route=%2Fwp%2Fv2%2Fcomments&post=1411"}],"version-history":[{"count":2,"href":"https:\/\/osobdravinji.si\/index.php?rest_route=\/wp\/v2\/posts\/1411\/revisions"}],"predecessor-version":[{"id":1449,"href":"https:\/\/osobdravinji.si\/index.php?rest_route=\/wp\/v2\/posts\/1411\/revisions\/1449"}],"wp:attachment":[{"href":"https:\/\/osobdravinji.si\/index.php?rest_route=%2Fwp%2Fv2%2Fmedia&parent=1411"}],"wp:term":[{"taxonomy":"category","embeddable":true,"href":"https:\/\/osobdravinji.si\/index.php?rest_route=%2Fwp%2Fv2%2Fcategories&post=1411"},{"taxonomy":"post_tag","embeddable":true,"href":"https:\/\/osobdravinji.si\/index.php?rest_route=%2Fwp%2Fv2%2Ftags&post=1411"}],"curies":[{"name":"wp","href":"https:\/\/api.w.org\/{rel}","templated":true}]}}