{"id":14366,"date":"2025-10-12T14:57:47","date_gmt":"2025-10-12T12:57:47","guid":{"rendered":"https:\/\/osobdravinji.splet.arnes.si\/?p=14366"},"modified":"2025-10-12T14:57:47","modified_gmt":"2025-10-12T12:57:47","slug":"ekskurzija-sedmih-razredov-na-korosko","status":"publish","type":"post","link":"https:\/\/osobdravinji.si\/?p=14366","title":{"rendered":"EKSKURZIJA SEDMIH RAZREDOV NA KORO\u0160KO"},"content":{"rendered":"\n<p>V torek, 7. 10. 2025, smo u\u010denci 7. razredov od\u0161li na interdisciplinarno ekskurzijo na Koro\u0161ko. Na\u0161 prvi postanek je bila Cerkev sv. Jurija v Legnu, kjer smo \u2013 obuti v copate \u2013 hodili po steklu in ob\u010dudovali materialne ostanke tamkaj\u0161nje bogate zgodovine. Po malici, ki nas je okrep\u010dala in nam dala energijo za nadaljnje oglede, smo se odpeljali do Kotelj, kjer smo se sprehodili do Pre\u017eihovine, tj. rojstne hi\u0161e slovenskega pisatelja Lovra Kuharja, bolj znanega pod imenom Pre\u017eihov Voranc. Vodi\u010dka nam je povedala vse o njegovem \u017eivljenju, \u017eivljenju njegove dru\u017eine, vsakdanu na kmetiji, starih predmetih in \u0161e in \u0161e. Zelo zanimivo si je bilo v \u017eivo ogledati kraje, o katerih v leto\u0161njem \u0161olskem letu beremo v knjigi Solzice. Za konec pestrega dne so nam u\u010diteljice v sredi\u0161\u010du Slovenj Gradca omogo\u010dile 30 minut prostega \u010dasa, \u010desar smo se izjemno razveselili. Ko smo se vsi zopet zbrali na avtobusu, nas je ta odpeljal proti domu.<\/p>\n\n\n\n<p>Imeli smo se zares super in komaj \u017ee \u010dakamo na\u0161o naslednjo ekskurzijo.<\/p>\n\n\n\n<p>\u0160olski novinar Marko Kotnik &nbsp;&nbsp;&nbsp;&nbsp;<\/p>\n","protected":false},"excerpt":{"rendered":"<p>V torek, 7. 10. 2025, smo u\u010denci 7. razredov od\u0161li na interdisciplinarno ekskurzijo na Koro\u0161ko. Na\u0161 prvi postanek je bila Cerkev sv. Jurija v Legnu, kjer smo \u2013 obuti v copate \u2013 hodili po steklu in ob\u010dudovali materialne ostanke tamkaj\u0161nje bogate zgodovine. Po malici, ki nas je okrep\u010dala in nam dala energijo za nadaljnje oglede, smo se odpeljali do Kotelj, kjer smo se sprehodili do Pre\u017eihovine, tj. rojstne hi\u0161e slovenskega pisatelja Lovra Kuharja, bolj znanega pod imenom Pre\u017eihov Voranc. Vodi\u010dka nam je povedala vse o njegovem \u017eivljenju, \u017eivljenju njegove dru\u017eine, vsakdanu na kmetiji, starih predmetih in \u0161e in \u0161e. Zelo [&hellip;]<\/p>\n","protected":false},"author":35617,"featured_media":0,"comment_status":"closed","ping_status":"closed","sticky":false,"template":"","format":"standard","meta":{"footnotes":""},"categories":[1],"tags":[],"class_list":["post-14366","post","type-post","status-publish","format-standard","hentry","category-novice"],"_links":{"self":[{"href":"https:\/\/osobdravinji.si\/index.php?rest_route=\/wp\/v2\/posts\/14366","targetHints":{"allow":["GET"]}}],"collection":[{"href":"https:\/\/osobdravinji.si\/index.php?rest_route=\/wp\/v2\/posts"}],"about":[{"href":"https:\/\/osobdravinji.si\/index.php?rest_route=\/wp\/v2\/types\/post"}],"author":[{"embeddable":true,"href":"https:\/\/osobdravinji.si\/index.php?rest_route=\/wp\/v2\/users\/35617"}],"replies":[{"embeddable":true,"href":"https:\/\/osobdravinji.si\/index.php?rest_route=%2Fwp%2Fv2%2Fcomments&post=14366"}],"version-history":[{"count":1,"href":"https:\/\/osobdravinji.si\/index.php?rest_route=\/wp\/v2\/posts\/14366\/revisions"}],"predecessor-version":[{"id":14367,"href":"https:\/\/osobdravinji.si\/index.php?rest_route=\/wp\/v2\/posts\/14366\/revisions\/14367"}],"wp:attachment":[{"href":"https:\/\/osobdravinji.si\/index.php?rest_route=%2Fwp%2Fv2%2Fmedia&parent=14366"}],"wp:term":[{"taxonomy":"category","embeddable":true,"href":"https:\/\/osobdravinji.si\/index.php?rest_route=%2Fwp%2Fv2%2Fcategories&post=14366"},{"taxonomy":"post_tag","embeddable":true,"href":"https:\/\/osobdravinji.si\/index.php?rest_route=%2Fwp%2Fv2%2Ftags&post=14366"}],"curies":[{"name":"wp","href":"https:\/\/api.w.org\/{rel}","templated":true}]}}