{"id":14994,"date":"2025-12-11T11:36:52","date_gmt":"2025-12-11T10:36:52","guid":{"rendered":"https:\/\/osobdravinji.splet.arnes.si\/?p=14994"},"modified":"2025-12-11T11:48:13","modified_gmt":"2025-12-11T10:48:13","slug":"kulturno-popotovanje-v-vrbo-na-gorenjskem","status":"publish","type":"post","link":"https:\/\/osobdravinji.si\/?p=14994","title":{"rendered":"Kulturno popotovanje v Vrbo na Gorenjskem"},"content":{"rendered":"\n<p>Dan pred rojstnim dnevom na\u0161ega najve\u010djega pesnika dr. Franceta Pre\u0161erna, v torek, 2. 12. 2025, smo se \u0161tiri u\u010denke O\u0160 Ob Dravinji skupaj z dvema u\u010diteljicama udele\u017eile kulturnega popotovanja v spomin nanj. 42 km dolg pohod iz Smlednika v Vrbo je bil letos organiziran \u017ee 26. leto, me smo se skupini pohodnikov pridru\u017eile v Kranju. Namen pohoda je bil do\u017eiveto spoznati Pre\u0161ernov \u010das, dokazati sebi in drugim, da je mo\u017eno tudi brez sodobnih prevoznih sredstev premagovati ve\u010dje razdalje, in pohodnikom dati spoznanje, da je s trdno voljo in vztrajnostjo mogo\u010de dosegati tudi zelo oddaljene cilje.<\/p>\n\n\n\n<p>Vstale smo \u017ee navsezgodaj zjutraj in nekaj pred sedmo uro prispele v Kranj. Pri Pre\u0161ernovem gledali\u0161\u010du smo ob mogo\u010dnem spomeniku po\u010dakale na skupino pohodnikov, ki je od Smlednika do Kranja \u017ee premagala prvih 10 km. Po uvodnem pozdravu smo pri spomeniku pri\u017egali sve\u010dko in se skupaj odpravili do Pre\u0161ernove hi\u0161e, ki je danes preurejena v njegov spominski muzej. Po ogledu smo se odpravili \u0161e na pesnikov grob v Pre\u0161ernov gaj, kjer smo mu posvetili nekaj besed, pri\u017egali sve\u010dko in polo\u017eili cvetje.<\/p>\n\n\n\n<p>Nato pa se je pot zares za\u010dela. V strnjeni koloni smo se usmerili najprej proti Naklu. Pot nas je nato vodila skozi naselja Bistrica, Podbrezje, Posavec, Brezje, Spodnji in Zgornji Otok in Zapu\u017ee. Vseskozi nas je spremljalo lepo in son\u010dno vreme ter lepa pokrajina, na treh odsekih poti so na\u0161o vzdr\u017eljivost preizkusili klanci, sprehodili smo se tudi mimo Bazilike Marije pomagaj na Brezju. Ko se je dan za\u010del po\u010dasi preve\u0161ati v popoldanske in ve\u010derne ure, je pri\u0161el najbolj zahteven del poti. Zadnja, 7 km dolga ravnina, se je vlekla in vlekla. Ko smo po celodnevnem pohodu, kon\u010dno stopile v Vrbo, smo za\u010dutile nekaj posebnega. Ni \u0161lo ve\u010d le za cilj na zemljevidu \u2013 \u0161le smo skozi izku\u0161njo, ki je preizkusila na\u0161o mo\u010d, voljo in povezanost. Vsak korak je bil dokaz, da z vztrajnostjo zmoremo ve\u010d, kot si mislimo.<\/p>\n\n\n\n<p class=\"has-text-align-right\">Udele\u017eenke pohoda<\/p>\n\n\n\n<figure class=\"wp-block-image size-large\"><img loading=\"lazy\" decoding=\"async\" width=\"1024\" height=\"768\" src=\"https:\/\/osobdravinji.si\/files\/2025\/12\/IMG20251202073658-1024x768.jpg\" alt=\"\" class=\"wp-image-14996\" srcset=\"https:\/\/osobdravinji.si\/files\/2025\/12\/IMG20251202073658-1024x768.jpg 1024w, https:\/\/osobdravinji.si\/files\/2025\/12\/IMG20251202073658-300x225.jpg 300w, https:\/\/osobdravinji.si\/files\/2025\/12\/IMG20251202073658-768x576.jpg 768w, https:\/\/osobdravinji.si\/files\/2025\/12\/IMG20251202073658-1536x1152.jpg 1536w, https:\/\/osobdravinji.si\/files\/2025\/12\/IMG20251202073658-2048x1536.jpg 2048w, https:\/\/osobdravinji.si\/files\/2025\/12\/IMG20251202073658-947x710.jpg 947w, https:\/\/osobdravinji.si\/files\/2025\/12\/IMG20251202073658-624x468.jpg 624w\" sizes=\"auto, (max-width: 1024px) 100vw, 1024px\" \/><\/figure>\n\n\n\n<figure class=\"wp-block-image size-large\"><img loading=\"lazy\" decoding=\"async\" width=\"768\" height=\"1024\" src=\"https:\/\/osobdravinji.si\/files\/2025\/12\/IMG20251202080428-768x1024.jpg\" alt=\"\" class=\"wp-image-14997\" srcset=\"https:\/\/osobdravinji.si\/files\/2025\/12\/IMG20251202080428-768x1024.jpg 768w, https:\/\/osobdravinji.si\/files\/2025\/12\/IMG20251202080428-225x300.jpg 225w, https:\/\/osobdravinji.si\/files\/2025\/12\/IMG20251202080428-1152x1536.jpg 1152w, https:\/\/osobdravinji.si\/files\/2025\/12\/IMG20251202080428-1536x2048.jpg 1536w, https:\/\/osobdravinji.si\/files\/2025\/12\/IMG20251202080428-947x1263.jpg 947w, https:\/\/osobdravinji.si\/files\/2025\/12\/IMG20251202080428-624x832.jpg 624w, https:\/\/osobdravinji.si\/files\/2025\/12\/IMG20251202080428-scaled.jpg 1920w\" sizes=\"auto, (max-width: 768px) 100vw, 768px\" \/><\/figure>\n\n\n\n<figure class=\"wp-block-image size-large\"><img loading=\"lazy\" decoding=\"async\" width=\"768\" height=\"1024\" src=\"https:\/\/osobdravinji.si\/files\/2025\/12\/IMG20251202143017-768x1024.jpg\" alt=\"\" class=\"wp-image-14999\" srcset=\"https:\/\/osobdravinji.si\/files\/2025\/12\/IMG20251202143017-768x1024.jpg 768w, https:\/\/osobdravinji.si\/files\/2025\/12\/IMG20251202143017-225x300.jpg 225w, https:\/\/osobdravinji.si\/files\/2025\/12\/IMG20251202143017-1152x1536.jpg 1152w, https:\/\/osobdravinji.si\/files\/2025\/12\/IMG20251202143017-1536x2048.jpg 1536w, https:\/\/osobdravinji.si\/files\/2025\/12\/IMG20251202143017-947x1263.jpg 947w, https:\/\/osobdravinji.si\/files\/2025\/12\/IMG20251202143017-624x832.jpg 624w, https:\/\/osobdravinji.si\/files\/2025\/12\/IMG20251202143017-scaled.jpg 1920w\" sizes=\"auto, (max-width: 768px) 100vw, 768px\" \/><\/figure>\n\n\n\n<figure class=\"wp-block-image size-large\"><img loading=\"lazy\" decoding=\"async\" width=\"1024\" height=\"768\" src=\"https:\/\/osobdravinji.si\/files\/2025\/12\/IMG20251202144012-1024x768.jpg\" alt=\"\" class=\"wp-image-15000\" srcset=\"https:\/\/osobdravinji.si\/files\/2025\/12\/IMG20251202144012-1024x768.jpg 1024w, https:\/\/osobdravinji.si\/files\/2025\/12\/IMG20251202144012-300x225.jpg 300w, https:\/\/osobdravinji.si\/files\/2025\/12\/IMG20251202144012-768x576.jpg 768w, https:\/\/osobdravinji.si\/files\/2025\/12\/IMG20251202144012-1536x1152.jpg 1536w, https:\/\/osobdravinji.si\/files\/2025\/12\/IMG20251202144012-2048x1536.jpg 2048w, https:\/\/osobdravinji.si\/files\/2025\/12\/IMG20251202144012-947x710.jpg 947w, https:\/\/osobdravinji.si\/files\/2025\/12\/IMG20251202144012-624x468.jpg 624w\" sizes=\"auto, (max-width: 1024px) 100vw, 1024px\" \/><\/figure>\n\n\n\n<figure class=\"wp-block-image size-large\"><img loading=\"lazy\" decoding=\"async\" width=\"768\" height=\"1024\" src=\"https:\/\/osobdravinji.si\/files\/2025\/12\/IMG20251202152901-768x1024.jpg\" alt=\"\" class=\"wp-image-15001\" srcset=\"https:\/\/osobdravinji.si\/files\/2025\/12\/IMG20251202152901-768x1024.jpg 768w, https:\/\/osobdravinji.si\/files\/2025\/12\/IMG20251202152901-225x300.jpg 225w, https:\/\/osobdravinji.si\/files\/2025\/12\/IMG20251202152901-1152x1536.jpg 1152w, https:\/\/osobdravinji.si\/files\/2025\/12\/IMG20251202152901-1536x2048.jpg 1536w, https:\/\/osobdravinji.si\/files\/2025\/12\/IMG20251202152901-947x1263.jpg 947w, https:\/\/osobdravinji.si\/files\/2025\/12\/IMG20251202152901-624x832.jpg 624w, https:\/\/osobdravinji.si\/files\/2025\/12\/IMG20251202152901-scaled.jpg 1920w\" sizes=\"auto, (max-width: 768px) 100vw, 768px\" \/><figcaption class=\"wp-element-caption\">oplus_32<\/figcaption><\/figure>\n","protected":false},"excerpt":{"rendered":"<p>Dan pred rojstnim dnevom na\u0161ega najve\u010djega pesnika dr. Franceta Pre\u0161erna, v torek, 2. 12. 2025, smo se \u0161tiri u\u010denke O\u0160 Ob Dravinji skupaj z dvema u\u010diteljicama udele\u017eile kulturnega popotovanja v spomin nanj. 42 km dolg pohod iz Smlednika v Vrbo je bil letos organiziran \u017ee 26. leto, me smo se skupini pohodnikov pridru\u017eile v Kranju. Namen pohoda je bil do\u017eiveto spoznati Pre\u0161ernov \u010das, dokazati sebi in drugim, da je mo\u017eno tudi brez sodobnih prevoznih sredstev premagovati ve\u010dje razdalje, in pohodnikom dati spoznanje, da je s trdno voljo in vztrajnostjo mogo\u010de dosegati tudi zelo oddaljene cilje. Vstale smo \u017ee navsezgodaj zjutraj [&hellip;]<\/p>\n","protected":false},"author":49703,"featured_media":0,"comment_status":"closed","ping_status":"closed","sticky":false,"template":"","format":"standard","meta":{"footnotes":""},"categories":[1],"tags":[],"class_list":["post-14994","post","type-post","status-publish","format-standard","hentry","category-novice"],"_links":{"self":[{"href":"https:\/\/osobdravinji.si\/index.php?rest_route=\/wp\/v2\/posts\/14994","targetHints":{"allow":["GET"]}}],"collection":[{"href":"https:\/\/osobdravinji.si\/index.php?rest_route=\/wp\/v2\/posts"}],"about":[{"href":"https:\/\/osobdravinji.si\/index.php?rest_route=\/wp\/v2\/types\/post"}],"author":[{"embeddable":true,"href":"https:\/\/osobdravinji.si\/index.php?rest_route=\/wp\/v2\/users\/49703"}],"replies":[{"embeddable":true,"href":"https:\/\/osobdravinji.si\/index.php?rest_route=%2Fwp%2Fv2%2Fcomments&post=14994"}],"version-history":[{"count":2,"href":"https:\/\/osobdravinji.si\/index.php?rest_route=\/wp\/v2\/posts\/14994\/revisions"}],"predecessor-version":[{"id":15002,"href":"https:\/\/osobdravinji.si\/index.php?rest_route=\/wp\/v2\/posts\/14994\/revisions\/15002"}],"wp:attachment":[{"href":"https:\/\/osobdravinji.si\/index.php?rest_route=%2Fwp%2Fv2%2Fmedia&parent=14994"}],"wp:term":[{"taxonomy":"category","embeddable":true,"href":"https:\/\/osobdravinji.si\/index.php?rest_route=%2Fwp%2Fv2%2Fcategories&post=14994"},{"taxonomy":"post_tag","embeddable":true,"href":"https:\/\/osobdravinji.si\/index.php?rest_route=%2Fwp%2Fv2%2Ftags&post=14994"}],"curies":[{"name":"wp","href":"https:\/\/api.w.org\/{rel}","templated":true}]}}