{"id":15014,"date":"2025-12-15T08:35:16","date_gmt":"2025-12-15T07:35:16","guid":{"rendered":"https:\/\/osobdravinji.splet.arnes.si\/?p=15014"},"modified":"2025-12-15T08:35:17","modified_gmt":"2025-12-15T07:35:17","slug":"emini-sportni-uspehi","status":"publish","type":"post","link":"https:\/\/osobdravinji.si\/?p=15014","title":{"rendered":"EMINI \u0160PORTNI USPEHI"},"content":{"rendered":"\n<p>V soboto, 13. 12. 2025, je potekalo dr\u017eavno prvenstvo v Taekwondo-ju na Planini pri Sevnici. Slednjega se je udele\u017eila tudi u\u010denka 8. b-razreda, Ema Stanojevi\u0107. Ema je bila na tekmovanju zelo uspe\u0161na, saj si je prislu\u017eila 2 bronasti medalji \u2013 eno v formah in eno v specialni tehniki \u2013 ter zlato medaljo v borbah, kar pomeni, da je postala DR\u017dAVNA PRVAKINJA V SVOJI KATEGORIJI.<\/p>\n\n\n\n<p>Omenjenemu uspehu se pridru\u017euje \u0161e en omembe vreden, namre\u010d Ema je bronasto medaljo osvojila tudi na tekmovanju izven na\u0161ih meja \u2013 v Srbiji.<\/p>\n\n\n\n<p>Emi za njene izjemne dose\u017eke iskreno \u010destitamo!<\/p>\n\n\n\n<figure class=\"wp-block-gallery has-nested-images columns-default is-cropped wp-block-gallery-1 is-layout-flex wp-block-gallery-is-layout-flex\">\n<figure class=\"wp-block-image size-large\"><img loading=\"lazy\" decoding=\"async\" width=\"768\" height=\"1024\" data-id=\"15015\" src=\"https:\/\/osobdravinji.si\/files\/2025\/12\/1000049713-768x1024.jpg\" alt=\"\" class=\"wp-image-15015\" srcset=\"https:\/\/osobdravinji.si\/files\/2025\/12\/1000049713-768x1024.jpg 768w, https:\/\/osobdravinji.si\/files\/2025\/12\/1000049713-225x300.jpg 225w, https:\/\/osobdravinji.si\/files\/2025\/12\/1000049713-1152x1536.jpg 1152w, https:\/\/osobdravinji.si\/files\/2025\/12\/1000049713-947x1263.jpg 947w, https:\/\/osobdravinji.si\/files\/2025\/12\/1000049713-624x832.jpg 624w, https:\/\/osobdravinji.si\/files\/2025\/12\/1000049713.jpg 1200w\" sizes=\"auto, (max-width: 768px) 100vw, 768px\" \/><\/figure>\n<\/figure>\n\n\n\n<figure class=\"wp-block-image size-large\"><img loading=\"lazy\" decoding=\"async\" width=\"1024\" height=\"577\" src=\"https:\/\/osobdravinji.si\/files\/2025\/12\/1000050491-1024x577.jpg\" alt=\"\" class=\"wp-image-15016\" srcset=\"https:\/\/osobdravinji.si\/files\/2025\/12\/1000050491-1024x577.jpg 1024w, https:\/\/osobdravinji.si\/files\/2025\/12\/1000050491-300x169.jpg 300w, https:\/\/osobdravinji.si\/files\/2025\/12\/1000050491-768x433.jpg 768w, https:\/\/osobdravinji.si\/files\/2025\/12\/1000050491-1536x865.jpg 1536w, https:\/\/osobdravinji.si\/files\/2025\/12\/1000050491-2048x1154.jpg 2048w, https:\/\/osobdravinji.si\/files\/2025\/12\/1000050491-947x534.jpg 947w, https:\/\/osobdravinji.si\/files\/2025\/12\/1000050491-624x352.jpg 624w\" sizes=\"auto, (max-width: 1024px) 100vw, 1024px\" \/><\/figure>\n","protected":false},"excerpt":{"rendered":"<p>V soboto, 13. 12. 2025, je potekalo dr\u017eavno prvenstvo v Taekwondo-ju na Planini pri Sevnici. Slednjega se je udele\u017eila tudi u\u010denka 8. b-razreda, Ema Stanojevi\u0107. Ema je bila na tekmovanju zelo uspe\u0161na, saj si je prislu\u017eila 2 bronasti medalji \u2013 eno v formah in eno v specialni tehniki \u2013 ter zlato medaljo v borbah, kar pomeni, da je postala DR\u017dAVNA PRVAKINJA V SVOJI KATEGORIJI. Omenjenemu uspehu se pridru\u017euje \u0161e en omembe vreden, namre\u010d Ema je bronasto medaljo osvojila tudi na tekmovanju izven na\u0161ih meja \u2013 v Srbiji. Emi za njene izjemne dose\u017eke iskreno \u010destitamo!<\/p>\n","protected":false},"author":35617,"featured_media":0,"comment_status":"closed","ping_status":"closed","sticky":false,"template":"","format":"standard","meta":{"footnotes":""},"categories":[1],"tags":[],"class_list":["post-15014","post","type-post","status-publish","format-standard","hentry","category-novice"],"_links":{"self":[{"href":"https:\/\/osobdravinji.si\/index.php?rest_route=\/wp\/v2\/posts\/15014","targetHints":{"allow":["GET"]}}],"collection":[{"href":"https:\/\/osobdravinji.si\/index.php?rest_route=\/wp\/v2\/posts"}],"about":[{"href":"https:\/\/osobdravinji.si\/index.php?rest_route=\/wp\/v2\/types\/post"}],"author":[{"embeddable":true,"href":"https:\/\/osobdravinji.si\/index.php?rest_route=\/wp\/v2\/users\/35617"}],"replies":[{"embeddable":true,"href":"https:\/\/osobdravinji.si\/index.php?rest_route=%2Fwp%2Fv2%2Fcomments&post=15014"}],"version-history":[{"count":1,"href":"https:\/\/osobdravinji.si\/index.php?rest_route=\/wp\/v2\/posts\/15014\/revisions"}],"predecessor-version":[{"id":15017,"href":"https:\/\/osobdravinji.si\/index.php?rest_route=\/wp\/v2\/posts\/15014\/revisions\/15017"}],"wp:attachment":[{"href":"https:\/\/osobdravinji.si\/index.php?rest_route=%2Fwp%2Fv2%2Fmedia&parent=15014"}],"wp:term":[{"taxonomy":"category","embeddable":true,"href":"https:\/\/osobdravinji.si\/index.php?rest_route=%2Fwp%2Fv2%2Fcategories&post=15014"},{"taxonomy":"post_tag","embeddable":true,"href":"https:\/\/osobdravinji.si\/index.php?rest_route=%2Fwp%2Fv2%2Ftags&post=15014"}],"curies":[{"name":"wp","href":"https:\/\/api.w.org\/{rel}","templated":true}]}}