{"id":15843,"date":"2026-03-16T09:51:26","date_gmt":"2026-03-16T08:51:26","guid":{"rendered":"https:\/\/osobdravinji.splet.arnes.si\/?p=15843"},"modified":"2026-03-16T09:52:15","modified_gmt":"2026-03-16T08:52:15","slug":"os-ob-dravinji-na-sejmu-fit-well","status":"publish","type":"post","link":"https:\/\/osobdravinji.si\/?p=15843","title":{"rendered":"O\u0160 Ob Dravinji na sejmu FIT &amp; WELL"},"content":{"rendered":"\n<p>V nedeljo, 15. 3. 2026, smo se z u\u010denkami Manuelo, Livio in Mio udele\u017eile sejma Altermed 2026, ki se je letos preimenoval v sejem <strong>FIT &amp; WELL<\/strong>, kjer smo v okviru projekta <strong>Eko \u0161ola<\/strong> sodelovale v demo kuhinji.<\/p>\n\n\n\n<p>Sejem FIT &amp; WELL, ki je potekal od 13. do 15. marca 2026 na Celjskem sejmu, je namenjen spodbujanju zdravega \u017eivljenjskega sloga, dobrega po\u010dutja in trajnostnih navad. Obiskovalcem ponuja \u0161tevilna predavanja, delavnice, prakti\u010dne prikaze ter predstavitve s podro\u010dja gibanja, prehrane, zdravja in dobrega po\u010dutja.<\/p>\n\n\n\n<p>Na\u0161e u\u010denke so v demo kuhinji pripravile <strong>zdravo malico<\/strong> &#8211; tortilje s tuno in sredozemsko navdihnjene pi\u0161\u010dan\u010dje zvitke.<\/p>\n\n\n\n<p>Pri pripravi so bile <strong>suverene, samostojne in spretne<\/strong>. Svoje jedi so z veseljem ponudile tudi obiskovalcem sejma, ki so zdravo malico z zanimanjem poskusili.<\/p>\n\n\n\n<p>Po uspe\u0161no opravljenem kulinari\u010dnem nastopu smo si skupaj ogledale \u0161e sejemsko dogajanje in \u0161tevilne stojnice, kjer so bili predstavljeni razli\u010dni vidiki zdravega na\u010dina \u017eivljenja.<\/p>\n\n\n\n<p class=\"has-text-align-right\">Mentorici dejavnosti: Suzana Kov\u0161e Breznik in Ingrid Dorner Radosavljevi\u0107<\/p>\n\n\n\n<figure class=\"wp-block-image size-large\"><img loading=\"lazy\" decoding=\"async\" width=\"1024\" height=\"719\" src=\"https:\/\/osobdravinji.si\/files\/2026\/03\/IMG_20260315_095909_1-1024x719.jpg\" alt=\"\" class=\"wp-image-15844\" srcset=\"https:\/\/osobdravinji.si\/files\/2026\/03\/IMG_20260315_095909_1-1024x719.jpg 1024w, https:\/\/osobdravinji.si\/files\/2026\/03\/IMG_20260315_095909_1-300x211.jpg 300w, https:\/\/osobdravinji.si\/files\/2026\/03\/IMG_20260315_095909_1-768x539.jpg 768w, https:\/\/osobdravinji.si\/files\/2026\/03\/IMG_20260315_095909_1-947x665.jpg 947w, https:\/\/osobdravinji.si\/files\/2026\/03\/IMG_20260315_095909_1-624x438.jpg 624w, https:\/\/osobdravinji.si\/files\/2026\/03\/IMG_20260315_095909_1.jpg 1118w\" sizes=\"auto, (max-width: 1024px) 100vw, 1024px\" \/><\/figure>\n\n\n\n<figure class=\"wp-block-image size-full is-resized\"><img loading=\"lazy\" decoding=\"async\" width=\"629\" height=\"782\" src=\"https:\/\/osobdravinji.si\/files\/2026\/03\/IMG_20260315_101915.jpg\" alt=\"\" class=\"wp-image-15845\" style=\"width:840px;height:auto\" srcset=\"https:\/\/osobdravinji.si\/files\/2026\/03\/IMG_20260315_101915.jpg 629w, https:\/\/osobdravinji.si\/files\/2026\/03\/IMG_20260315_101915-241x300.jpg 241w, https:\/\/osobdravinji.si\/files\/2026\/03\/IMG_20260315_101915-624x776.jpg 624w\" sizes=\"auto, (max-width: 629px) 100vw, 629px\" \/><\/figure>\n\n\n\n<figure class=\"wp-block-image size-large\"><img loading=\"lazy\" decoding=\"async\" width=\"576\" height=\"1024\" src=\"https:\/\/osobdravinji.si\/files\/2026\/03\/Snapchat-1583387112-576x1024.jpg\" alt=\"\" class=\"wp-image-15846\" srcset=\"https:\/\/osobdravinji.si\/files\/2026\/03\/Snapchat-1583387112-576x1024.jpg 576w, https:\/\/osobdravinji.si\/files\/2026\/03\/Snapchat-1583387112-169x300.jpg 169w, https:\/\/osobdravinji.si\/files\/2026\/03\/Snapchat-1583387112-768x1365.jpg 768w, https:\/\/osobdravinji.si\/files\/2026\/03\/Snapchat-1583387112-864x1536.jpg 864w, https:\/\/osobdravinji.si\/files\/2026\/03\/Snapchat-1583387112-1152x2048.jpg 1152w, https:\/\/osobdravinji.si\/files\/2026\/03\/Snapchat-1583387112-947x1684.jpg 947w, https:\/\/osobdravinji.si\/files\/2026\/03\/Snapchat-1583387112-624x1109.jpg 624w, https:\/\/osobdravinji.si\/files\/2026\/03\/Snapchat-1583387112-scaled.jpg 1440w\" sizes=\"auto, (max-width: 576px) 100vw, 576px\" \/><\/figure>\n\n\n\n<p><\/p>\n","protected":false},"excerpt":{"rendered":"<p>V nedeljo, 15. 3. 2026, smo se z u\u010denkami Manuelo, Livio in Mio udele\u017eile sejma Altermed 2026, ki se je letos preimenoval v sejem FIT &amp; WELL, kjer smo v okviru projekta Eko \u0161ola sodelovale v demo kuhinji. Sejem FIT &amp; WELL, ki je potekal od 13. do 15. marca 2026 na Celjskem sejmu, je namenjen spodbujanju zdravega \u017eivljenjskega sloga, dobrega po\u010dutja in trajnostnih navad. Obiskovalcem ponuja \u0161tevilna predavanja, delavnice, prakti\u010dne prikaze ter predstavitve s podro\u010dja gibanja, prehrane, zdravja in dobrega po\u010dutja. Na\u0161e u\u010denke so v demo kuhinji pripravile zdravo malico &#8211; tortilje s tuno in sredozemsko navdihnjene pi\u0161\u010dan\u010dje zvitke. [&hellip;]<\/p>\n","protected":false},"author":49703,"featured_media":0,"comment_status":"closed","ping_status":"closed","sticky":false,"template":"","format":"standard","meta":{"footnotes":""},"categories":[1],"tags":[],"class_list":["post-15843","post","type-post","status-publish","format-standard","hentry","category-novice"],"_links":{"self":[{"href":"https:\/\/osobdravinji.si\/index.php?rest_route=\/wp\/v2\/posts\/15843","targetHints":{"allow":["GET"]}}],"collection":[{"href":"https:\/\/osobdravinji.si\/index.php?rest_route=\/wp\/v2\/posts"}],"about":[{"href":"https:\/\/osobdravinji.si\/index.php?rest_route=\/wp\/v2\/types\/post"}],"author":[{"embeddable":true,"href":"https:\/\/osobdravinji.si\/index.php?rest_route=\/wp\/v2\/users\/49703"}],"replies":[{"embeddable":true,"href":"https:\/\/osobdravinji.si\/index.php?rest_route=%2Fwp%2Fv2%2Fcomments&post=15843"}],"version-history":[{"count":2,"href":"https:\/\/osobdravinji.si\/index.php?rest_route=\/wp\/v2\/posts\/15843\/revisions"}],"predecessor-version":[{"id":15848,"href":"https:\/\/osobdravinji.si\/index.php?rest_route=\/wp\/v2\/posts\/15843\/revisions\/15848"}],"wp:attachment":[{"href":"https:\/\/osobdravinji.si\/index.php?rest_route=%2Fwp%2Fv2%2Fmedia&parent=15843"}],"wp:term":[{"taxonomy":"category","embeddable":true,"href":"https:\/\/osobdravinji.si\/index.php?rest_route=%2Fwp%2Fv2%2Fcategories&post=15843"},{"taxonomy":"post_tag","embeddable":true,"href":"https:\/\/osobdravinji.si\/index.php?rest_route=%2Fwp%2Fv2%2Ftags&post=15843"}],"curies":[{"name":"wp","href":"https:\/\/api.w.org\/{rel}","templated":true}]}}