{"id":1793,"date":"2019-11-27T21:15:18","date_gmt":"2019-11-27T20:15:18","guid":{"rendered":"http:\/\/osobdravinji.splet.arnes.si\/?p=1793"},"modified":"2019-11-27T21:15:18","modified_gmt":"2019-11-27T20:15:18","slug":"tudi-v-zimskem-casu-ne-pozabimo-na-ptice","status":"publish","type":"post","link":"https:\/\/osobdravinji.si\/?p=1793","title":{"rendered":"TUDI V ZIMSKEM \u010cASU NE POZABIMO NA PTICE"},"content":{"rendered":"<p>Pozimi, ko na\u0161o pokrajino prekriva sneg, je prav, da ne pozabimo na ptice, za katere je zima \u0161e posebej te\u017eko obdobje za pre\u017eivetje. \u010ce pa jim nastavimo v pti\u010djo hi\u0161ico nekaj hrane, slednje ne bodo la\u010dne, mi pa jih bomo lahko zadovoljno opazovali.<\/p>\n<p>V ta namen \u017eupan Slov. Konjic, Darko Ratajc, vsem javnim zavodom (\u0161olam in vrtcem) v na\u0161i ob\u010dini razdeljuje pti\u010dje hi\u0161ice, ki so jih izdelali v Varstveno-delovnem centru Son\u010dek v Slovenskih Konjicah. Slednji v na\u0161em mestu sicer deluje kot enota regijskega zavoda VDC \u0160entjur, njegovi varovanci pa se, ob pomo\u010di strokovnih delavcev, s svojim delom sku\u0161ajo \u010dim bolje umestiti v okolje, v katerem se nahajajo.<\/p>\n<p>Tudi na\u0161a \u0161ola je prejela dve tak\u0161ni hi\u0161ici, zato smo \u017eupanu in vsem, ki so pomagali pri izdelavi le-teh, \u0161e posebej hvale\u017eni. Najbolj veseli pa so hi\u0161ic zagotovo u\u010denci 1. triletja, ki bodo tako celo zimo opazovali ptice, ki se bodo v na\u0161ih pti\u010djih hi\u0161icah veselile pojedine.<\/p>\n<p>Ulrik Lebeni\u010dnik Trstenjak<\/p>\n","protected":false},"excerpt":{"rendered":"<p>Pozimi, ko na\u0161o pokrajino prekriva sneg, je prav, da ne pozabimo na ptice, za katere je zima \u0161e posebej te\u017eko obdobje za pre\u017eivetje. \u010ce pa jim nastavimo v pti\u010djo hi\u0161ico nekaj hrane, slednje ne bodo la\u010dne, mi pa jih bomo lahko zadovoljno opazovali. V ta namen \u017eupan Slov. Konjic, Darko Ratajc, vsem javnim zavodom (\u0161olam in vrtcem) v na\u0161i ob\u010dini razdeljuje pti\u010dje hi\u0161ice, ki so jih izdelali v Varstveno-delovnem centru Son\u010dek v Slovenskih Konjicah. Slednji v na\u0161em mestu sicer deluje kot enota regijskega zavoda VDC \u0160entjur, njegovi varovanci pa se, ob pomo\u010di strokovnih delavcev, s svojim delom sku\u0161ajo \u010dim bolje [&hellip;]<\/p>\n","protected":false},"author":35615,"featured_media":0,"comment_status":"closed","ping_status":"closed","sticky":false,"template":"","format":"standard","meta":{"footnotes":""},"categories":[1],"tags":[],"class_list":["post-1793","post","type-post","status-publish","format-standard","hentry","category-novice"],"_links":{"self":[{"href":"https:\/\/osobdravinji.si\/index.php?rest_route=\/wp\/v2\/posts\/1793","targetHints":{"allow":["GET"]}}],"collection":[{"href":"https:\/\/osobdravinji.si\/index.php?rest_route=\/wp\/v2\/posts"}],"about":[{"href":"https:\/\/osobdravinji.si\/index.php?rest_route=\/wp\/v2\/types\/post"}],"author":[{"embeddable":true,"href":"https:\/\/osobdravinji.si\/index.php?rest_route=\/wp\/v2\/users\/35615"}],"replies":[{"embeddable":true,"href":"https:\/\/osobdravinji.si\/index.php?rest_route=%2Fwp%2Fv2%2Fcomments&post=1793"}],"version-history":[{"count":1,"href":"https:\/\/osobdravinji.si\/index.php?rest_route=\/wp\/v2\/posts\/1793\/revisions"}],"predecessor-version":[{"id":1795,"href":"https:\/\/osobdravinji.si\/index.php?rest_route=\/wp\/v2\/posts\/1793\/revisions\/1795"}],"wp:attachment":[{"href":"https:\/\/osobdravinji.si\/index.php?rest_route=%2Fwp%2Fv2%2Fmedia&parent=1793"}],"wp:term":[{"taxonomy":"category","embeddable":true,"href":"https:\/\/osobdravinji.si\/index.php?rest_route=%2Fwp%2Fv2%2Fcategories&post=1793"},{"taxonomy":"post_tag","embeddable":true,"href":"https:\/\/osobdravinji.si\/index.php?rest_route=%2Fwp%2Fv2%2Ftags&post=1793"}],"curies":[{"name":"wp","href":"https:\/\/api.w.org\/{rel}","templated":true}]}}