{"id":1801,"date":"2019-11-27T21:18:08","date_gmt":"2019-11-27T20:18:08","guid":{"rendered":"http:\/\/osobdravinji.splet.arnes.si\/?p=1801"},"modified":"2019-11-29T10:23:47","modified_gmt":"2019-11-29T09:23:47","slug":"angleski-jezikovni-tabor-2019","status":"publish","type":"post","link":"https:\/\/osobdravinji.si\/?p=1801","title":{"rendered":"ANGLE\u0160KI JEZIKOVNI TABOR 2019"},"content":{"rendered":"<h5>V petek, 22. 11. 2019 in soboto, 23.11. 2019, se je na podru\u017eni\u010dni \u0161oli Tepanje odvijal \u017ee tretji \u00a0jezikovni tabor, ki je potekal v okviru mednarodnega projekta Ve\u010djezi\u010dnost. Udele\u017eilo se ga je \u0161tirideset u\u010dencev Osnovne \u0161ole Ob Dravinji. Letos je jezikovni tabor potekal v znamenju \u0161tirih dr\u017eav: Kitajske, Mad\u017earske, \u0160panije in dr\u017eave starih Rimljanov. Tabor je bil zasnovan tako, da so u\u010denci poleg jezikovnega znanja spoznali tudi kulturo omenjenih dr\u017eav, na\u010din obla\u010denja, se seznanili z\u00a0 navadami, kulinariko \u2026 Na dru\u017eabnem ve\u010deru so se pomerili v znanju in tematsko obarvanih igrah. V petek nam je Anja Margu\u010d pripravila \u010dudovito predavanje o Kitajski. Pred spanjem pa so u\u010denci u\u017eivali \u0161e v predavanju u\u010ditelja Roberta Zrneca o Mad\u017earski in \u0160paniji. Za eno no\u010d so se blazine v telovadnici spremenile v na\u0161e postelje. Megleno sobotno jutro so u\u010denci pregnali s telovadbo in z aktivnostmi na igri\u0161\u010du ter se po krepkem zajtrku podali na jezikovne delavnice, kjer so spoznali osnove latin\u0161\u010dine, \u0161pan\u0161\u010dine, mad\u017ear\u0161\u010dine in kitaj\u0161\u010dine. Ildiko Kova\u010d, Alenka Ungar, Patricija Koro\u0161ec in Matej Prevc so bili povabljeni zunanji sodelavci, ki te jezike zelo dobro poznajo in jih vsakodnevno uporabljajo pri svojem delu. Za na\u0161e u\u010dence so pripravili zanimive in dinami\u010dne jezikovne delavnice, ki so zaokro\u017eile leto\u0161nji 3. jezikovni tabor. Po kosilu so si u\u010denci izmenjali zaklju\u010dne vtise o taboru in prejeli priznanja za sodelovanje. Prijetno utrujeni, a zadovoljni in polni vtisov smo se odpravili domov. In \u017ee razmi\u0161ljamo o naslednjem taboru prihodnje leto.<\/h5>\n<div style=\"width: 887px;\" class=\"wp-video\"><video class=\"wp-video-shortcode\" id=\"video-1801-1\" width=\"887\" height=\"499\" preload=\"metadata\" controls=\"controls\"><source type=\"video\/mp4\" src=\"http:\/\/osobdravinji.splet.arnes.si\/files\/2019\/11\/20191122_211044.mp4?_=1\" \/><a href=\"http:\/\/osobdravinji.splet.arnes.si\/files\/2019\/11\/20191122_211044.mp4\">http:\/\/osobdravinji.splet.arnes.si\/files\/2019\/11\/20191122_211044.mp4<\/a><\/video><\/div>\n<p><a href=\"http:\/\/osobdravinji.splet.arnes.si\/files\/2019\/11\/20191122_203408-1-e1574943842852.jpg\"><img loading=\"lazy\" decoding=\"async\" class=\"alignnone size-large wp-image-1825\" src=\"http:\/\/osobdravinji.splet.arnes.si\/files\/2019\/11\/20191122_203408-1-e1574943842852-1024x498.jpg\" alt=\"\" width=\"887\" height=\"431\" srcset=\"https:\/\/osobdravinji.si\/files\/2019\/11\/20191122_203408-1-e1574943842852-1024x498.jpg 1024w, https:\/\/osobdravinji.si\/files\/2019\/11\/20191122_203408-1-e1574943842852-300x146.jpg 300w, https:\/\/osobdravinji.si\/files\/2019\/11\/20191122_203408-1-e1574943842852-768x373.jpg 768w, https:\/\/osobdravinji.si\/files\/2019\/11\/20191122_203408-1-e1574943842852-113x55.jpg 113w, https:\/\/osobdravinji.si\/files\/2019\/11\/20191122_203408-1-e1574943842852-947x460.jpg 947w, https:\/\/osobdravinji.si\/files\/2019\/11\/20191122_203408-1-e1574943842852-624x303.jpg 624w\" sizes=\"auto, (max-width: 887px) 100vw, 887px\" \/><\/a> <a href=\"http:\/\/osobdravinji.splet.arnes.si\/files\/2019\/11\/20191122_203337-1-e1574943854236.jpg\"><img loading=\"lazy\" decoding=\"async\" class=\"alignnone size-large wp-image-1827\" src=\"http:\/\/osobdravinji.splet.arnes.si\/files\/2019\/11\/20191122_203337-1-e1574943854236-1024x498.jpg\" alt=\"\" width=\"887\" height=\"431\" srcset=\"https:\/\/osobdravinji.si\/files\/2019\/11\/20191122_203337-1-e1574943854236-1024x498.jpg 1024w, https:\/\/osobdravinji.si\/files\/2019\/11\/20191122_203337-1-e1574943854236-300x146.jpg 300w, https:\/\/osobdravinji.si\/files\/2019\/11\/20191122_203337-1-e1574943854236-768x373.jpg 768w, https:\/\/osobdravinji.si\/files\/2019\/11\/20191122_203337-1-e1574943854236-113x55.jpg 113w, https:\/\/osobdravinji.si\/files\/2019\/11\/20191122_203337-1-e1574943854236-947x460.jpg 947w, https:\/\/osobdravinji.si\/files\/2019\/11\/20191122_203337-1-e1574943854236-624x303.jpg 624w\" sizes=\"auto, (max-width: 887px) 100vw, 887px\" \/><\/a> <a href=\"http:\/\/osobdravinji.splet.arnes.si\/files\/2019\/11\/20191122_213243-1-e1574943864684.jpg\"><img loading=\"lazy\" decoding=\"async\" class=\"alignnone size-large wp-image-1829\" src=\"http:\/\/osobdravinji.splet.arnes.si\/files\/2019\/11\/20191122_213243-1-e1574943864684-1024x498.jpg\" alt=\"\" width=\"887\" height=\"431\" srcset=\"https:\/\/osobdravinji.si\/files\/2019\/11\/20191122_213243-1-e1574943864684-1024x498.jpg 1024w, https:\/\/osobdravinji.si\/files\/2019\/11\/20191122_213243-1-e1574943864684-300x146.jpg 300w, https:\/\/osobdravinji.si\/files\/2019\/11\/20191122_213243-1-e1574943864684-768x373.jpg 768w, https:\/\/osobdravinji.si\/files\/2019\/11\/20191122_213243-1-e1574943864684-113x55.jpg 113w, https:\/\/osobdravinji.si\/files\/2019\/11\/20191122_213243-1-e1574943864684-947x460.jpg 947w, https:\/\/osobdravinji.si\/files\/2019\/11\/20191122_213243-1-e1574943864684-624x303.jpg 624w\" sizes=\"auto, (max-width: 887px) 100vw, 887px\" \/><\/a><\/p>\n","protected":false},"excerpt":{"rendered":"<p>V petek, 22. 11. 2019 in soboto, 23.11. 2019, se je na podru\u017eni\u010dni \u0161oli Tepanje odvijal \u017ee tretji \u00a0jezikovni tabor, ki je potekal v okviru mednarodnega projekta Ve\u010djezi\u010dnost. Udele\u017eilo se ga je \u0161tirideset u\u010dencev Osnovne \u0161ole Ob Dravinji. Letos je jezikovni tabor potekal v znamenju \u0161tirih dr\u017eav: Kitajske, Mad\u017earske, \u0160panije in dr\u017eave starih Rimljanov. Tabor je bil zasnovan tako, da so u\u010denci poleg jezikovnega znanja spoznali tudi kulturo omenjenih dr\u017eav, na\u010din obla\u010denja, se seznanili z\u00a0 navadami, kulinariko \u2026 Na dru\u017eabnem ve\u010deru so se pomerili v znanju in tematsko obarvanih igrah. V petek nam je Anja Margu\u010d pripravila \u010dudovito predavanje o [&hellip;]<\/p>\n","protected":false},"author":35615,"featured_media":0,"comment_status":"closed","ping_status":"closed","sticky":false,"template":"","format":"standard","meta":{"footnotes":""},"categories":[1],"tags":[],"class_list":["post-1801","post","type-post","status-publish","format-standard","hentry","category-novice"],"_links":{"self":[{"href":"https:\/\/osobdravinji.si\/index.php?rest_route=\/wp\/v2\/posts\/1801","targetHints":{"allow":["GET"]}}],"collection":[{"href":"https:\/\/osobdravinji.si\/index.php?rest_route=\/wp\/v2\/posts"}],"about":[{"href":"https:\/\/osobdravinji.si\/index.php?rest_route=\/wp\/v2\/types\/post"}],"author":[{"embeddable":true,"href":"https:\/\/osobdravinji.si\/index.php?rest_route=\/wp\/v2\/users\/35615"}],"replies":[{"embeddable":true,"href":"https:\/\/osobdravinji.si\/index.php?rest_route=%2Fwp%2Fv2%2Fcomments&post=1801"}],"version-history":[{"count":6,"href":"https:\/\/osobdravinji.si\/index.php?rest_route=\/wp\/v2\/posts\/1801\/revisions"}],"predecessor-version":[{"id":1863,"href":"https:\/\/osobdravinji.si\/index.php?rest_route=\/wp\/v2\/posts\/1801\/revisions\/1863"}],"wp:attachment":[{"href":"https:\/\/osobdravinji.si\/index.php?rest_route=%2Fwp%2Fv2%2Fmedia&parent=1801"}],"wp:term":[{"taxonomy":"category","embeddable":true,"href":"https:\/\/osobdravinji.si\/index.php?rest_route=%2Fwp%2Fv2%2Fcategories&post=1801"},{"taxonomy":"post_tag","embeddable":true,"href":"https:\/\/osobdravinji.si\/index.php?rest_route=%2Fwp%2Fv2%2Ftags&post=1801"}],"curies":[{"name":"wp","href":"https:\/\/api.w.org\/{rel}","templated":true}]}}