{"id":1869,"date":"2019-12-03T22:02:42","date_gmt":"2019-12-03T21:02:42","guid":{"rendered":"http:\/\/osobdravinji.splet.arnes.si\/?p=1869"},"modified":"2019-12-05T07:54:27","modified_gmt":"2019-12-05T06:54:27","slug":"zakljucek-drzavnega-prvenstva-v-sportnem-plezanju","status":"publish","type":"post","link":"https:\/\/osobdravinji.si\/?p=1869","title":{"rendered":"Zaklju\u010dek dr\u017eavnega prvenstva v \u0161portnem plezanju"},"content":{"rendered":"<h5>Minuli konec tedna (29. 11.\u20131. 12. 2019) so se v Kranju odvijale zadnje tekme za naslove dr\u017eavnih prvakov v te\u017eavnostnem in balvanskem plezanju. Zaklju\u010dek sezone v \u0161portnem plezanju je uspe\u0161no kon\u010dal tudi u\u010denec 8. c-razreda O\u0160 Ob Dravinji, Janej Kotar Tomin\u0161ek. Na skupno desetih tekmah v kategoriji U14 je osvojil\u00a04. mesto v te\u017eavnosti, kjer je tekmovalo 16 plezalcev, in\u00a03. mesto v Balvanih, prav tako v kategoriji U14, kjer je tekmovalo 18 plezalcev. Izrekamo mu iskrene \u010destitke za dose\u017eene uspehe in hkrati \u017eelimo \u010dim ve\u010d spretnosti ter mo\u010di tudi v novi sezoni \u0161portnega plezanja.<\/h5>\n<p><a href=\"http:\/\/osobdravinji.splet.arnes.si\/files\/2019\/12\/IMG_0812.jpg\"><img loading=\"lazy\" decoding=\"async\" class=\"alignnone size-full wp-image-1889\" src=\"http:\/\/osobdravinji.splet.arnes.si\/files\/2019\/12\/IMG_0812.jpg\" alt=\"\" width=\"320\" height=\"240\" srcset=\"https:\/\/osobdravinji.si\/files\/2019\/12\/IMG_0812.jpg 320w, https:\/\/osobdravinji.si\/files\/2019\/12\/IMG_0812-300x225.jpg 300w, https:\/\/osobdravinji.si\/files\/2019\/12\/IMG_0812-73x55.jpg 73w\" sizes=\"auto, (max-width: 320px) 100vw, 320px\" \/><\/a> <a href=\"http:\/\/osobdravinji.splet.arnes.si\/files\/2019\/12\/5FAD7965-D111-4C5E-9028-4D928EFBB0BD.jpg\"><img loading=\"lazy\" decoding=\"async\" class=\"alignnone size-large wp-image-1891\" src=\"http:\/\/osobdravinji.splet.arnes.si\/files\/2019\/12\/5FAD7965-D111-4C5E-9028-4D928EFBB0BD-1024x1024.jpg\" alt=\"\" width=\"887\" height=\"887\" srcset=\"https:\/\/osobdravinji.si\/files\/2019\/12\/5FAD7965-D111-4C5E-9028-4D928EFBB0BD-1024x1024.jpg 1024w, https:\/\/osobdravinji.si\/files\/2019\/12\/5FAD7965-D111-4C5E-9028-4D928EFBB0BD-150x150.jpg 150w, https:\/\/osobdravinji.si\/files\/2019\/12\/5FAD7965-D111-4C5E-9028-4D928EFBB0BD-300x300.jpg 300w, https:\/\/osobdravinji.si\/files\/2019\/12\/5FAD7965-D111-4C5E-9028-4D928EFBB0BD-768x768.jpg 768w, https:\/\/osobdravinji.si\/files\/2019\/12\/5FAD7965-D111-4C5E-9028-4D928EFBB0BD-55x55.jpg 55w, https:\/\/osobdravinji.si\/files\/2019\/12\/5FAD7965-D111-4C5E-9028-4D928EFBB0BD-947x947.jpg 947w, https:\/\/osobdravinji.si\/files\/2019\/12\/5FAD7965-D111-4C5E-9028-4D928EFBB0BD-624x624.jpg 624w, https:\/\/osobdravinji.si\/files\/2019\/12\/5FAD7965-D111-4C5E-9028-4D928EFBB0BD.jpg 1440w\" sizes=\"auto, (max-width: 887px) 100vw, 887px\" \/><\/a> <a href=\"http:\/\/osobdravinji.splet.arnes.si\/files\/2019\/12\/IMG_0782.jpg\"><img loading=\"lazy\" decoding=\"async\" class=\"alignnone size-large wp-image-1893\" src=\"http:\/\/osobdravinji.splet.arnes.si\/files\/2019\/12\/IMG_0782-1024x768.jpg\" alt=\"\" width=\"887\" height=\"665\" srcset=\"https:\/\/osobdravinji.si\/files\/2019\/12\/IMG_0782.jpg 1024w, https:\/\/osobdravinji.si\/files\/2019\/12\/IMG_0782-300x225.jpg 300w, https:\/\/osobdravinji.si\/files\/2019\/12\/IMG_0782-768x576.jpg 768w, https:\/\/osobdravinji.si\/files\/2019\/12\/IMG_0782-73x55.jpg 73w, https:\/\/osobdravinji.si\/files\/2019\/12\/IMG_0782-947x710.jpg 947w, https:\/\/osobdravinji.si\/files\/2019\/12\/IMG_0782-624x468.jpg 624w\" sizes=\"auto, (max-width: 887px) 100vw, 887px\" \/><\/a> <a href=\"http:\/\/osobdravinji.splet.arnes.si\/files\/2019\/12\/IMG_0781.jpg\"><img loading=\"lazy\" decoding=\"async\" class=\"alignnone size-large wp-image-1895\" src=\"http:\/\/osobdravinji.splet.arnes.si\/files\/2019\/12\/IMG_0781-576x1024.jpg\" alt=\"\" width=\"576\" height=\"1024\" srcset=\"https:\/\/osobdravinji.si\/files\/2019\/12\/IMG_0781.jpg 576w, https:\/\/osobdravinji.si\/files\/2019\/12\/IMG_0781-169x300.jpg 169w, https:\/\/osobdravinji.si\/files\/2019\/12\/IMG_0781-31x55.jpg 31w\" sizes=\"auto, (max-width: 576px) 100vw, 576px\" \/><\/a><\/p>\n","protected":false},"excerpt":{"rendered":"<p>Minuli konec tedna (29. 11.\u20131. 12. 2019) so se v Kranju odvijale zadnje tekme za naslove dr\u017eavnih prvakov v te\u017eavnostnem in balvanskem plezanju. Zaklju\u010dek sezone v \u0161portnem plezanju je uspe\u0161no kon\u010dal tudi u\u010denec 8. c-razreda O\u0160 Ob Dravinji, Janej Kotar Tomin\u0161ek. Na skupno desetih tekmah v kategoriji U14 je osvojil\u00a04. mesto v te\u017eavnosti, kjer je tekmovalo 16 plezalcev, in\u00a03. mesto v Balvanih, prav tako v kategoriji U14, kjer je tekmovalo 18 plezalcev. Izrekamo mu iskrene \u010destitke za dose\u017eene uspehe in hkrati \u017eelimo \u010dim ve\u010d spretnosti ter mo\u010di tudi v novi sezoni \u0161portnega plezanja.<\/p>\n","protected":false},"author":35615,"featured_media":0,"comment_status":"closed","ping_status":"closed","sticky":false,"template":"","format":"standard","meta":{"footnotes":""},"categories":[1],"tags":[],"class_list":["post-1869","post","type-post","status-publish","format-standard","hentry","category-novice"],"_links":{"self":[{"href":"https:\/\/osobdravinji.si\/index.php?rest_route=\/wp\/v2\/posts\/1869","targetHints":{"allow":["GET"]}}],"collection":[{"href":"https:\/\/osobdravinji.si\/index.php?rest_route=\/wp\/v2\/posts"}],"about":[{"href":"https:\/\/osobdravinji.si\/index.php?rest_route=\/wp\/v2\/types\/post"}],"author":[{"embeddable":true,"href":"https:\/\/osobdravinji.si\/index.php?rest_route=\/wp\/v2\/users\/35615"}],"replies":[{"embeddable":true,"href":"https:\/\/osobdravinji.si\/index.php?rest_route=%2Fwp%2Fv2%2Fcomments&post=1869"}],"version-history":[{"count":2,"href":"https:\/\/osobdravinji.si\/index.php?rest_route=\/wp\/v2\/posts\/1869\/revisions"}],"predecessor-version":[{"id":1897,"href":"https:\/\/osobdravinji.si\/index.php?rest_route=\/wp\/v2\/posts\/1869\/revisions\/1897"}],"wp:attachment":[{"href":"https:\/\/osobdravinji.si\/index.php?rest_route=%2Fwp%2Fv2%2Fmedia&parent=1869"}],"wp:term":[{"taxonomy":"category","embeddable":true,"href":"https:\/\/osobdravinji.si\/index.php?rest_route=%2Fwp%2Fv2%2Fcategories&post=1869"},{"taxonomy":"post_tag","embeddable":true,"href":"https:\/\/osobdravinji.si\/index.php?rest_route=%2Fwp%2Fv2%2Ftags&post=1869"}],"curies":[{"name":"wp","href":"https:\/\/api.w.org\/{rel}","templated":true}]}}