{"id":1877,"date":"2019-12-03T22:05:15","date_gmt":"2019-12-03T21:05:15","guid":{"rendered":"http:\/\/osobdravinji.splet.arnes.si\/?p=1877"},"modified":"2019-12-05T07:55:32","modified_gmt":"2019-12-05T06:55:32","slug":"osmosolci-v-csod-burja","status":"publish","type":"post","link":"https:\/\/osobdravinji.si\/?p=1877","title":{"rendered":"OSMO\u0160OLCI V C\u0160OD BURJA"},"content":{"rendered":"<p><a href=\"http:\/\/osobdravinji.splet.arnes.si\/files\/2019\/12\/C\u0160OD-8.-a.jpg\"><img loading=\"lazy\" decoding=\"async\" class=\"alignnone size-large wp-image-1899\" src=\"http:\/\/osobdravinji.splet.arnes.si\/files\/2019\/12\/C\u0160OD-8.-a-1024x1024.jpg\" alt=\"\" width=\"887\" height=\"887\" srcset=\"https:\/\/osobdravinji.si\/files\/2019\/12\/C\u0160OD-8.-a-1024x1024.jpg 1024w, https:\/\/osobdravinji.si\/files\/2019\/12\/C\u0160OD-8.-a-150x150.jpg 150w, https:\/\/osobdravinji.si\/files\/2019\/12\/C\u0160OD-8.-a-300x300.jpg 300w, https:\/\/osobdravinji.si\/files\/2019\/12\/C\u0160OD-8.-a-768x768.jpg 768w, https:\/\/osobdravinji.si\/files\/2019\/12\/C\u0160OD-8.-a-55x55.jpg 55w, https:\/\/osobdravinji.si\/files\/2019\/12\/C\u0160OD-8.-a-947x947.jpg 947w, https:\/\/osobdravinji.si\/files\/2019\/12\/C\u0160OD-8.-a-624x624.jpg 624w\" sizes=\"auto, (max-width: 887px) 100vw, 887px\" \/><\/a> <a href=\"http:\/\/osobdravinji.splet.arnes.si\/files\/2019\/12\/C\u0160OD-8.-c.jpg\"><img loading=\"lazy\" decoding=\"async\" class=\"alignnone size-large wp-image-1901\" src=\"http:\/\/osobdravinji.splet.arnes.si\/files\/2019\/12\/C\u0160OD-8.-c-1024x1024.jpg\" alt=\"\" width=\"887\" height=\"887\" srcset=\"https:\/\/osobdravinji.si\/files\/2019\/12\/C\u0160OD-8.-c-1024x1024.jpg 1024w, https:\/\/osobdravinji.si\/files\/2019\/12\/C\u0160OD-8.-c-150x150.jpg 150w, https:\/\/osobdravinji.si\/files\/2019\/12\/C\u0160OD-8.-c-300x300.jpg 300w, https:\/\/osobdravinji.si\/files\/2019\/12\/C\u0160OD-8.-c-768x768.jpg 768w, https:\/\/osobdravinji.si\/files\/2019\/12\/C\u0160OD-8.-c-55x55.jpg 55w, https:\/\/osobdravinji.si\/files\/2019\/12\/C\u0160OD-8.-c-947x947.jpg 947w, https:\/\/osobdravinji.si\/files\/2019\/12\/C\u0160OD-8.-c-624x624.jpg 624w\" sizes=\"auto, (max-width: 887px) 100vw, 887px\" \/><\/a> <a href=\"http:\/\/osobdravinji.splet.arnes.si\/files\/2019\/12\/C\u0160OD-8.-b.jpg\"><img loading=\"lazy\" decoding=\"async\" class=\"alignnone size-large wp-image-1903\" src=\"http:\/\/osobdravinji.splet.arnes.si\/files\/2019\/12\/C\u0160OD-8.-b-1024x1024.jpg\" alt=\"\" width=\"887\" height=\"887\" srcset=\"https:\/\/osobdravinji.si\/files\/2019\/12\/C\u0160OD-8.-b-1024x1024.jpg 1024w, https:\/\/osobdravinji.si\/files\/2019\/12\/C\u0160OD-8.-b-150x150.jpg 150w, https:\/\/osobdravinji.si\/files\/2019\/12\/C\u0160OD-8.-b-300x300.jpg 300w, https:\/\/osobdravinji.si\/files\/2019\/12\/C\u0160OD-8.-b-768x768.jpg 768w, https:\/\/osobdravinji.si\/files\/2019\/12\/C\u0160OD-8.-b-55x55.jpg 55w, https:\/\/osobdravinji.si\/files\/2019\/12\/C\u0160OD-8.-b-947x947.jpg 947w, https:\/\/osobdravinji.si\/files\/2019\/12\/C\u0160OD-8.-b-624x624.jpg 624w\" sizes=\"auto, (max-width: 887px) 100vw, 887px\" \/><\/a><\/p>\n<p>Osmo\u0161olci O\u0160 Ob Dravinji so teden od 11. do 15. novembra pre\u017eivljali v druga\u010dnem okolju, saj so se kljub napovedanemu de\u017eju odpravili na Primorsko, in sicer v C\u0160OD Burja.<\/p>\n<p>Tam so se spoznali s pravili reda v \u0161oli v naravi, kjer ima vsak svoje delo in se trudi biti koristen za dobro vseh. Marsikateri u\u010denec se je tako kljub prvim pomislekom zelo dobro zna\u0161el v vsakodnevnih opravilih. Tudi pouk v naravi je bil nekoliko druga\u010den. Med tednom so u\u010denci spoznavali ve\u0161\u010dine lokostrelstva, lahko so si ogledali kiparsko galerijo na prostem (Forma viva), se sprehodili do Se\u010doveljskih solin in Pirana, si ogledali akvarij in se igrali razne \u0161portne ter povezovalne igre. Marsikdo pa je znal povedati, da se je imel zelo lepo tudi ob prostem \u010dasu, klepetanju in navezovanju stikov med so\u0161olci, u\u010ditelji, vodniki.<\/p>\n<p>Vreme je bilo res muhasto, na lastni ko\u017ei so do\u017eiveli tudi pravo burjo, zato sta dogodiv\u0161\u010dina s kanuji in potepanje s kolesi odpadla, s pelerinami pa so zato naredili kar zadostno \u0161tevilo kilometrov po primorski obali. Redke trenutke, ko z neba ni padal de\u017e, so tekmovalni fantje izkoristili za igro v namiznem tenisu, ko\u0161arki ali nogometu. Zadnje dni pa so osmo\u0161olci tudi malo ve\u010d pogledovali v nebo, da bi videli kak\u0161no znano ozvezdje, o \u010demer so se predhodno pou\u010dili tudi v u\u010dilnici. Sprva malce nerodni, a z veliko vneme, so izdelali mo\u0161nji\u010dke s sivko in jih odnesli domov. Vanje so dodali \u0161e malce soli, ki simbolizira modrost \u2026V C\u0160OD Burja so se imeli lepo, kar so tudi sami z veseljem povedali.<\/p>\n<p>Zanimivo mi je bilo, kako smo pri u\u010ditelju Leonu opletali s \u0161otorko, pri Miranu pa spoznavali zvezdno nebo.<\/p>\n<p><em>Nika Aleksandra Jev\u0161enak, 8. c<\/em><\/p>\n<p>Zelo sem se razveselil, ko smo zadnji ve\u010der igrali ko\u0161arko in nogomet.<\/p>\n<p><em>Luka Gorin\u0161ek, Tim Perki\u010d, 8. c<\/em><\/p>\n<p>Zagotovo si bom zapomnil pohod s pelerinami do Pirana in ogled akvarija, saj me vodne \u017eivali zelo pomirjajo.<\/p>\n<p><em>Dominik Plohl, 8. a<\/em><\/p>\n<p>V\u0161e\u010d mi je bilo, ker je na\u0161a skupina v samem centru uspela popraviti dotrajana \u017ee 20 let stara vrata.<\/p>\n<p><em>Patrik \u0160vab, 8. c<\/em><\/p>\n<p>Najbolj sem si zapomnil streljanje z lokom, saj sem si tega najbolj \u017eelel.<\/p>\n<p><em>\u017dan Luk Furman, 8. a<\/em><\/p>\n<p>Vsak prosti \u010das smo zelo dobro izkoristili za dru\u017eenja med fanti in dekleti, marsikje je zato presko\u010dila tudi kak\u0161na iskrica, med nami so se sklepala tesnej\u0161a prijateljstva. K temu so pripomogle tudi povezovalne zabavne igre, ki smo se jih igrali zadnji dan.<\/p>\n<p><em>Manca, 8. a, Ana G., Ana V., 8. c<\/em><\/p>\n<p>&nbsp;<\/p>\n","protected":false},"excerpt":{"rendered":"<p>Osmo\u0161olci O\u0160 Ob Dravinji so teden od 11. do 15. novembra pre\u017eivljali v druga\u010dnem okolju, saj so se kljub napovedanemu de\u017eju odpravili na Primorsko, in sicer v C\u0160OD Burja. Tam so se spoznali s pravili reda v \u0161oli v naravi, kjer ima vsak svoje delo in se trudi biti koristen za dobro vseh. Marsikateri u\u010denec se je tako kljub prvim pomislekom zelo dobro zna\u0161el v vsakodnevnih opravilih. Tudi pouk v naravi je bil nekoliko druga\u010den. Med tednom so u\u010denci spoznavali ve\u0161\u010dine lokostrelstva, lahko so si ogledali kiparsko galerijo na prostem (Forma viva), se sprehodili do Se\u010doveljskih solin in Pirana, si [&hellip;]<\/p>\n","protected":false},"author":35615,"featured_media":0,"comment_status":"closed","ping_status":"closed","sticky":false,"template":"","format":"standard","meta":{"footnotes":""},"categories":[1],"tags":[],"class_list":["post-1877","post","type-post","status-publish","format-standard","hentry","category-novice"],"_links":{"self":[{"href":"https:\/\/osobdravinji.si\/index.php?rest_route=\/wp\/v2\/posts\/1877","targetHints":{"allow":["GET"]}}],"collection":[{"href":"https:\/\/osobdravinji.si\/index.php?rest_route=\/wp\/v2\/posts"}],"about":[{"href":"https:\/\/osobdravinji.si\/index.php?rest_route=\/wp\/v2\/types\/post"}],"author":[{"embeddable":true,"href":"https:\/\/osobdravinji.si\/index.php?rest_route=\/wp\/v2\/users\/35615"}],"replies":[{"embeddable":true,"href":"https:\/\/osobdravinji.si\/index.php?rest_route=%2Fwp%2Fv2%2Fcomments&post=1877"}],"version-history":[{"count":2,"href":"https:\/\/osobdravinji.si\/index.php?rest_route=\/wp\/v2\/posts\/1877\/revisions"}],"predecessor-version":[{"id":1905,"href":"https:\/\/osobdravinji.si\/index.php?rest_route=\/wp\/v2\/posts\/1877\/revisions\/1905"}],"wp:attachment":[{"href":"https:\/\/osobdravinji.si\/index.php?rest_route=%2Fwp%2Fv2%2Fmedia&parent=1877"}],"wp:term":[{"taxonomy":"category","embeddable":true,"href":"https:\/\/osobdravinji.si\/index.php?rest_route=%2Fwp%2Fv2%2Fcategories&post=1877"},{"taxonomy":"post_tag","embeddable":true,"href":"https:\/\/osobdravinji.si\/index.php?rest_route=%2Fwp%2Fv2%2Ftags&post=1877"}],"curies":[{"name":"wp","href":"https:\/\/api.w.org\/{rel}","templated":true}]}}