{"id":1907,"date":"2019-12-09T22:15:08","date_gmt":"2019-12-09T21:15:08","guid":{"rendered":"http:\/\/osobdravinji.splet.arnes.si\/?p=1907"},"modified":"2020-01-09T12:19:23","modified_gmt":"2020-01-09T11:19:23","slug":"praznicno-ustvarjanje-in-pogum","status":"publish","type":"post","link":"https:\/\/osobdravinji.si\/?p=1907","title":{"rendered":"PRAZNI\u010cNO USTVARJANJE IN POGUM"},"content":{"rendered":"<h5>V sredo, 4. decembra 2019, so na pobudo ge. Jane Novak Vehovar u\u010denci in u\u010diteljice predmetne stopnje, ki jim je prazni\u010dni \u010das \u0161e posebej pri srcu, radi ustvarjajo in hkrati razmi\u0161ljajo trajnostno, prevzeli pobudo in uresni\u010dili idejo v delavnici novoletnega ustvarjanja. Medse so povabili tudi go. Manico Vrhov\u0161ek, mamo ene izmed u\u010denk na O\u0160 Ob Dravinji, saj je \u017ee v preteklosti ve\u010d let sodelovala s \u0161olo in pomagala pri uresni\u010ditvi ustvarjalnih idej. U\u010denci so se v okviru projekta POGUM (Podjetnost Gradnik za Upanja Mladih) kot tudi znotraj pouka pogovarjali, kako delovati trajnostno. Podali so pobudo, da bi tudi letos radi izdelovali prazni\u010dno okrasitev iz odpadnega materiala \u2013 natan\u010dneje iz odpadnih plastenk, kosov blaga, prav tako pa so si ostale naravne materiale (stor\u017ee, \u017eir, \u0161ipek ipd.) priskrbeli sami. Letos so tako izdelovali prazni\u010dno dekoracijo, ki lahko krasi prav vsak dom. Najprej so plastenko prerezali, saj so potrebovali njen zgornji del. Nato so iz kartonske podlage odrezali krog in ga okrasili. Na imitacijo snega so dodali stor\u017ee, zelenje in ostale okraske. Vse skupaj so nato pokrili s plastenko, da je vse videti \u0161e bolj prazni\u010dno, pa so dekoraciji dodali barvne trakove, novoletne bu\u010dke ali druge okraske.<\/h5>\n<h5>Gospa Vrhov\u0161ek jih je pohvalila in povedala, da se na O\u0160 Ob Dravinji vedno rada vra\u010da, saj so ji v\u0161e\u010d ustvarjalnost in ideje u\u010dencev, hkrati pa je zadovoljna, ko vidi, kako pozitivno vpliva dru\u017eenje in sodelovanje med generacijami na po\u010dutje posameznika. Z nasmejanimi obrazi, drobno pozornostjo in preprostim hvala so se ji u\u010denci zahvalili za pomo\u010d in podporo, njihove dekoracije pa bodo zagotovo na\u0161le prostor v prazni\u010dno okra\u0161enih domovih.<\/h5>\n<p><a href=\"http:\/\/osobdravinji.splet.arnes.si\/files\/2019\/12\/Collage_Fotor-D5-1.jpg\"><img loading=\"lazy\" decoding=\"async\" class=\"alignnone size-large wp-image-1913\" src=\"http:\/\/osobdravinji.splet.arnes.si\/files\/2019\/12\/Collage_Fotor-D5-1-1024x1024.jpg\" alt=\"\" width=\"887\" height=\"887\" srcset=\"https:\/\/osobdravinji.si\/files\/2019\/12\/Collage_Fotor-D5-1-1024x1024.jpg 1024w, https:\/\/osobdravinji.si\/files\/2019\/12\/Collage_Fotor-D5-1-150x150.jpg 150w, https:\/\/osobdravinji.si\/files\/2019\/12\/Collage_Fotor-D5-1-300x300.jpg 300w, https:\/\/osobdravinji.si\/files\/2019\/12\/Collage_Fotor-D5-1-768x768.jpg 768w, https:\/\/osobdravinji.si\/files\/2019\/12\/Collage_Fotor-D5-1-55x55.jpg 55w, https:\/\/osobdravinji.si\/files\/2019\/12\/Collage_Fotor-D5-1-947x947.jpg 947w, https:\/\/osobdravinji.si\/files\/2019\/12\/Collage_Fotor-D5-1-624x624.jpg 624w\" sizes=\"auto, (max-width: 887px) 100vw, 887px\" \/><\/a><\/p>\n<p>\u0160e nekaj izdelkov iz JV in OPB, mentorice Anje Ramot:<\/p>\n<p><a href=\"http:\/\/osobdravinji.splet.arnes.si\/files\/2019\/12\/IMG_2352.jpeg\"><img loading=\"lazy\" decoding=\"async\" class=\"alignnone size-large wp-image-2051\" src=\"http:\/\/osobdravinji.splet.arnes.si\/files\/2019\/12\/IMG_2352-1024x768.jpeg\" alt=\"\" width=\"887\" height=\"665\" srcset=\"https:\/\/osobdravinji.si\/files\/2019\/12\/IMG_2352-1024x768.jpeg 1024w, https:\/\/osobdravinji.si\/files\/2019\/12\/IMG_2352-300x225.jpeg 300w, https:\/\/osobdravinji.si\/files\/2019\/12\/IMG_2352-768x576.jpeg 768w, https:\/\/osobdravinji.si\/files\/2019\/12\/IMG_2352-73x55.jpeg 73w, https:\/\/osobdravinji.si\/files\/2019\/12\/IMG_2352-947x710.jpeg 947w, https:\/\/osobdravinji.si\/files\/2019\/12\/IMG_2352-624x468.jpeg 624w\" sizes=\"auto, (max-width: 887px) 100vw, 887px\" \/><\/a> <a href=\"http:\/\/osobdravinji.splet.arnes.si\/files\/2019\/12\/IMG_2265.jpeg\"><img loading=\"lazy\" decoding=\"async\" class=\"alignnone size-large wp-image-2053\" src=\"http:\/\/osobdravinji.splet.arnes.si\/files\/2019\/12\/IMG_2265-1024x670.jpeg\" alt=\"\" width=\"887\" height=\"580\" srcset=\"https:\/\/osobdravinji.si\/files\/2019\/12\/IMG_2265-1024x670.jpeg 1024w, https:\/\/osobdravinji.si\/files\/2019\/12\/IMG_2265-300x196.jpeg 300w, https:\/\/osobdravinji.si\/files\/2019\/12\/IMG_2265-768x503.jpeg 768w, https:\/\/osobdravinji.si\/files\/2019\/12\/IMG_2265-84x56.jpeg 84w, https:\/\/osobdravinji.si\/files\/2019\/12\/IMG_2265-947x620.jpeg 947w, https:\/\/osobdravinji.si\/files\/2019\/12\/IMG_2265-624x408.jpeg 624w, https:\/\/osobdravinji.si\/files\/2019\/12\/IMG_2265-365x240.jpeg 365w\" sizes=\"auto, (max-width: 887px) 100vw, 887px\" \/><\/a> <a href=\"http:\/\/osobdravinji.splet.arnes.si\/files\/2019\/12\/IMG_2335.jpeg\"><img loading=\"lazy\" decoding=\"async\" class=\"alignnone size-large wp-image-2055\" src=\"http:\/\/osobdravinji.splet.arnes.si\/files\/2019\/12\/IMG_2335-1024x768.jpeg\" alt=\"\" width=\"887\" height=\"665\" srcset=\"https:\/\/osobdravinji.si\/files\/2019\/12\/IMG_2335-1024x768.jpeg 1024w, https:\/\/osobdravinji.si\/files\/2019\/12\/IMG_2335-300x225.jpeg 300w, https:\/\/osobdravinji.si\/files\/2019\/12\/IMG_2335-768x576.jpeg 768w, https:\/\/osobdravinji.si\/files\/2019\/12\/IMG_2335-73x55.jpeg 73w, https:\/\/osobdravinji.si\/files\/2019\/12\/IMG_2335-947x710.jpeg 947w, https:\/\/osobdravinji.si\/files\/2019\/12\/IMG_2335-624x468.jpeg 624w\" sizes=\"auto, (max-width: 887px) 100vw, 887px\" \/><\/a> <a href=\"http:\/\/osobdravinji.splet.arnes.si\/files\/2019\/12\/IMG_2283.jpeg\"><img loading=\"lazy\" decoding=\"async\" class=\"alignnone size-large wp-image-2057\" src=\"http:\/\/osobdravinji.splet.arnes.si\/files\/2019\/12\/IMG_2283-1024x768.jpeg\" alt=\"\" width=\"887\" height=\"665\" srcset=\"https:\/\/osobdravinji.si\/files\/2019\/12\/IMG_2283-1024x768.jpeg 1024w, https:\/\/osobdravinji.si\/files\/2019\/12\/IMG_2283-300x225.jpeg 300w, https:\/\/osobdravinji.si\/files\/2019\/12\/IMG_2283-768x576.jpeg 768w, https:\/\/osobdravinji.si\/files\/2019\/12\/IMG_2283-73x55.jpeg 73w, https:\/\/osobdravinji.si\/files\/2019\/12\/IMG_2283-947x710.jpeg 947w, https:\/\/osobdravinji.si\/files\/2019\/12\/IMG_2283-624x468.jpeg 624w\" sizes=\"auto, (max-width: 887px) 100vw, 887px\" \/><\/a> <a href=\"http:\/\/osobdravinji.splet.arnes.si\/files\/2019\/12\/IMG_2326-e1578568662447.jpeg\"><img loading=\"lazy\" decoding=\"async\" class=\"alignnone size-large wp-image-2059\" src=\"http:\/\/osobdravinji.splet.arnes.si\/files\/2019\/12\/IMG_2326-e1578568662447-768x1024.jpeg\" alt=\"\" width=\"768\" height=\"1024\" srcset=\"https:\/\/osobdravinji.si\/files\/2019\/12\/IMG_2326-e1578568662447-768x1024.jpeg 768w, https:\/\/osobdravinji.si\/files\/2019\/12\/IMG_2326-e1578568662447-225x300.jpeg 225w, https:\/\/osobdravinji.si\/files\/2019\/12\/IMG_2326-e1578568662447-41x55.jpeg 41w, https:\/\/osobdravinji.si\/files\/2019\/12\/IMG_2326-e1578568662447-947x1263.jpeg 947w, https:\/\/osobdravinji.si\/files\/2019\/12\/IMG_2326-e1578568662447-624x832.jpeg 624w\" sizes=\"auto, (max-width: 768px) 100vw, 768px\" \/><\/a> <a href=\"http:\/\/osobdravinji.splet.arnes.si\/files\/2019\/12\/IMG_2371.jpeg\"><img loading=\"lazy\" decoding=\"async\" class=\"alignnone size-large wp-image-2061\" src=\"http:\/\/osobdravinji.splet.arnes.si\/files\/2019\/12\/IMG_2371-1024x674.jpeg\" alt=\"\" width=\"887\" height=\"584\" srcset=\"https:\/\/osobdravinji.si\/files\/2019\/12\/IMG_2371-1024x674.jpeg 1024w, https:\/\/osobdravinji.si\/files\/2019\/12\/IMG_2371-300x198.jpeg 300w, https:\/\/osobdravinji.si\/files\/2019\/12\/IMG_2371-768x506.jpeg 768w, https:\/\/osobdravinji.si\/files\/2019\/12\/IMG_2371-84x56.jpeg 84w, https:\/\/osobdravinji.si\/files\/2019\/12\/IMG_2371-947x624.jpeg 947w, https:\/\/osobdravinji.si\/files\/2019\/12\/IMG_2371-624x411.jpeg 624w, https:\/\/osobdravinji.si\/files\/2019\/12\/IMG_2371-365x240.jpeg 365w\" sizes=\"auto, (max-width: 887px) 100vw, 887px\" \/><\/a><\/p>\n","protected":false},"excerpt":{"rendered":"<p>V sredo, 4. decembra 2019, so na pobudo ge. Jane Novak Vehovar u\u010denci in u\u010diteljice predmetne stopnje, ki jim je prazni\u010dni \u010das \u0161e posebej pri srcu, radi ustvarjajo in hkrati razmi\u0161ljajo trajnostno, prevzeli pobudo in uresni\u010dili idejo v delavnici novoletnega ustvarjanja. Medse so povabili tudi go. Manico Vrhov\u0161ek, mamo ene izmed u\u010denk na O\u0160 Ob Dravinji, saj je \u017ee v preteklosti ve\u010d let sodelovala s \u0161olo in pomagala pri uresni\u010ditvi ustvarjalnih idej. U\u010denci so se v okviru projekta POGUM (Podjetnost Gradnik za Upanja Mladih) kot tudi znotraj pouka pogovarjali, kako delovati trajnostno. Podali so pobudo, da bi tudi letos radi [&hellip;]<\/p>\n","protected":false},"author":35615,"featured_media":0,"comment_status":"closed","ping_status":"closed","sticky":false,"template":"","format":"standard","meta":{"footnotes":""},"categories":[1],"tags":[],"class_list":["post-1907","post","type-post","status-publish","format-standard","hentry","category-novice"],"_links":{"self":[{"href":"https:\/\/osobdravinji.si\/index.php?rest_route=\/wp\/v2\/posts\/1907","targetHints":{"allow":["GET"]}}],"collection":[{"href":"https:\/\/osobdravinji.si\/index.php?rest_route=\/wp\/v2\/posts"}],"about":[{"href":"https:\/\/osobdravinji.si\/index.php?rest_route=\/wp\/v2\/types\/post"}],"author":[{"embeddable":true,"href":"https:\/\/osobdravinji.si\/index.php?rest_route=\/wp\/v2\/users\/35615"}],"replies":[{"embeddable":true,"href":"https:\/\/osobdravinji.si\/index.php?rest_route=%2Fwp%2Fv2%2Fcomments&post=1907"}],"version-history":[{"count":5,"href":"https:\/\/osobdravinji.si\/index.php?rest_route=\/wp\/v2\/posts\/1907\/revisions"}],"predecessor-version":[{"id":2067,"href":"https:\/\/osobdravinji.si\/index.php?rest_route=\/wp\/v2\/posts\/1907\/revisions\/2067"}],"wp:attachment":[{"href":"https:\/\/osobdravinji.si\/index.php?rest_route=%2Fwp%2Fv2%2Fmedia&parent=1907"}],"wp:term":[{"taxonomy":"category","embeddable":true,"href":"https:\/\/osobdravinji.si\/index.php?rest_route=%2Fwp%2Fv2%2Fcategories&post=1907"},{"taxonomy":"post_tag","embeddable":true,"href":"https:\/\/osobdravinji.si\/index.php?rest_route=%2Fwp%2Fv2%2Ftags&post=1907"}],"curies":[{"name":"wp","href":"https:\/\/api.w.org\/{rel}","templated":true}]}}