{"id":2135,"date":"2020-01-28T21:55:11","date_gmt":"2020-01-28T20:55:11","guid":{"rendered":"http:\/\/osobdravinji.splet.arnes.si\/?p=2135"},"modified":"2020-01-29T12:34:31","modified_gmt":"2020-01-29T11:34:31","slug":"posten-junak","status":"publish","type":"post","link":"https:\/\/osobdravinji.si\/?p=2135","title":{"rendered":"Po\u0161ten junak"},"content":{"rendered":"<h5><span style=\"font-size: small\"><span style=\"font-family: Arial\">V \u010crni na Koro\u0161kem na Matev\u017eevih travnikih \u017ee ve\u010d let nastajajo sne\u017ene skulpture na prireditvi Gradovi kralja Matja\u017ea<span style=\"color: #000000\">, prav tako pa sta v okviru prireditve razpisana literarni in likovni nate\u010daj. Izdelki, ki jih sodelujo\u010di ustvarijo, zabavno dogajanje pod Peco vedno popestrijo. Letos je strokovno \u017eirijo literarnega nate\u010daja prepri\u010dala tudi Korina Polutnik iz 7. b-razreda s pesmijo Po\u0161ten junak pod mentorstvom Valentine Volav\u0161ek. Korina se je z veseljem udele\u017eila nedeljske prireditve, ki je bila predvsem v znamenju otrok, zaslu\u017eeno pa je prejela tudi nagrado za svojo ustvarjalnost. Tudi mi ji iskreno \u010destitamo, saj se strinjamo z njenimi besedami, <i>\u00bbda narod rad ima po\u0161tenega junaka\u00ab. <\/i><\/span><\/span><\/span><\/h5>\n<p><span style=\"color: #000000;font-family: Times New Roman;font-size: medium\">\u00a0<a href=\"http:\/\/osobdravinji.splet.arnes.si\/files\/2020\/01\/IMG_8825.jpg\"><img loading=\"lazy\" decoding=\"async\" class=\"alignnone size-large wp-image-2147\" src=\"http:\/\/osobdravinji.splet.arnes.si\/files\/2020\/01\/IMG_8825-768x1024.jpg\" alt=\"\" width=\"768\" height=\"1024\" srcset=\"https:\/\/osobdravinji.si\/files\/2020\/01\/IMG_8825-768x1024.jpg 768w, https:\/\/osobdravinji.si\/files\/2020\/01\/IMG_8825-225x300.jpg 225w, https:\/\/osobdravinji.si\/files\/2020\/01\/IMG_8825-41x55.jpg 41w, https:\/\/osobdravinji.si\/files\/2020\/01\/IMG_8825-947x1263.jpg 947w, https:\/\/osobdravinji.si\/files\/2020\/01\/IMG_8825-624x832.jpg 624w, https:\/\/osobdravinji.si\/files\/2020\/01\/IMG_8825.jpg 1200w\" sizes=\"auto, (max-width: 768px) 100vw, 768px\" \/><\/a> <a href=\"http:\/\/osobdravinji.splet.arnes.si\/files\/2020\/01\/IMG_8815-e1580297654320.jpg\"><img loading=\"lazy\" decoding=\"async\" class=\"alignnone size-large wp-image-2149\" src=\"http:\/\/osobdravinji.splet.arnes.si\/files\/2020\/01\/IMG_8815-e1580297654320-768x1024.jpg\" alt=\"\" width=\"768\" height=\"1024\" srcset=\"https:\/\/osobdravinji.si\/files\/2020\/01\/IMG_8815-e1580297654320-768x1024.jpg 768w, https:\/\/osobdravinji.si\/files\/2020\/01\/IMG_8815-e1580297654320-225x300.jpg 225w, https:\/\/osobdravinji.si\/files\/2020\/01\/IMG_8815-e1580297654320-41x55.jpg 41w, https:\/\/osobdravinji.si\/files\/2020\/01\/IMG_8815-e1580297654320-947x1263.jpg 947w, https:\/\/osobdravinji.si\/files\/2020\/01\/IMG_8815-e1580297654320-624x832.jpg 624w\" sizes=\"auto, (max-width: 768px) 100vw, 768px\" \/><\/a><\/span><\/p>\n<p>&nbsp;<\/p>\n","protected":false},"excerpt":{"rendered":"<p>V \u010crni na Koro\u0161kem na Matev\u017eevih travnikih \u017ee ve\u010d let nastajajo sne\u017ene skulpture na prireditvi Gradovi kralja Matja\u017ea, prav tako pa sta v okviru prireditve razpisana literarni in likovni nate\u010daj. Izdelki, ki jih sodelujo\u010di ustvarijo, zabavno dogajanje pod Peco vedno popestrijo. Letos je strokovno \u017eirijo literarnega nate\u010daja prepri\u010dala tudi Korina Polutnik iz 7. b-razreda s pesmijo Po\u0161ten junak pod mentorstvom Valentine Volav\u0161ek. Korina se je z veseljem udele\u017eila nedeljske prireditve, ki je bila predvsem v znamenju otrok, zaslu\u017eeno pa je prejela tudi nagrado za svojo ustvarjalnost. Tudi mi ji iskreno \u010destitamo, saj se strinjamo z njenimi besedami, \u00bbda narod rad [&hellip;]<\/p>\n","protected":false},"author":35615,"featured_media":0,"comment_status":"closed","ping_status":"closed","sticky":false,"template":"","format":"standard","meta":{"footnotes":""},"categories":[1],"tags":[],"class_list":["post-2135","post","type-post","status-publish","format-standard","hentry","category-novice"],"_links":{"self":[{"href":"https:\/\/osobdravinji.si\/index.php?rest_route=\/wp\/v2\/posts\/2135","targetHints":{"allow":["GET"]}}],"collection":[{"href":"https:\/\/osobdravinji.si\/index.php?rest_route=\/wp\/v2\/posts"}],"about":[{"href":"https:\/\/osobdravinji.si\/index.php?rest_route=\/wp\/v2\/types\/post"}],"author":[{"embeddable":true,"href":"https:\/\/osobdravinji.si\/index.php?rest_route=\/wp\/v2\/users\/35615"}],"replies":[{"embeddable":true,"href":"https:\/\/osobdravinji.si\/index.php?rest_route=%2Fwp%2Fv2%2Fcomments&post=2135"}],"version-history":[{"count":2,"href":"https:\/\/osobdravinji.si\/index.php?rest_route=\/wp\/v2\/posts\/2135\/revisions"}],"predecessor-version":[{"id":2151,"href":"https:\/\/osobdravinji.si\/index.php?rest_route=\/wp\/v2\/posts\/2135\/revisions\/2151"}],"wp:attachment":[{"href":"https:\/\/osobdravinji.si\/index.php?rest_route=%2Fwp%2Fv2%2Fmedia&parent=2135"}],"wp:term":[{"taxonomy":"category","embeddable":true,"href":"https:\/\/osobdravinji.si\/index.php?rest_route=%2Fwp%2Fv2%2Fcategories&post=2135"},{"taxonomy":"post_tag","embeddable":true,"href":"https:\/\/osobdravinji.si\/index.php?rest_route=%2Fwp%2Fv2%2Ftags&post=2135"}],"curies":[{"name":"wp","href":"https:\/\/api.w.org\/{rel}","templated":true}]}}