{"id":2139,"date":"2020-01-28T21:56:26","date_gmt":"2020-01-28T20:56:26","guid":{"rendered":"http:\/\/osobdravinji.splet.arnes.si\/?p=2139"},"modified":"2020-01-28T21:56:55","modified_gmt":"2020-01-28T20:56:55","slug":"porocilo-z-obmocnega-tekmovanja-za-cankarjevo-priznanje","status":"publish","type":"post","link":"https:\/\/osobdravinji.si\/?p=2139","title":{"rendered":"Poro\u010dilo z obmo\u010dnega tekmovanja za Cankarjevo priznanje"},"content":{"rendered":"<ol start=\"9\">\n<li>januarja 2020 je na O\u0160 Zre\u010de potekalo obmo\u010dno tekmovanje za Cankarjevo priznanje, ki se ga je udele\u017eilo tudi pet u\u010dencev iz na\u0161e \u0161ole, in sicer Manca Levart, Bla\u017eka Mlakar in Dominik Plohl iz 8. razreda ter Ambro\u017e Levart in Lena Peko\u0161ak iz 9. razreda.<\/li>\n<\/ol>\n<p>Vsi udele\u017eenci tekmovanja so veliko razmi\u0161ljali o prebranem pustolovsko-kriminalnem romanu Pre\u017eivetje sodobnega avtorja Igorja Karlov\u0161ka. Pri pisanju razlagalnega spisa z naslovom Vse je mogo\u010de pa so najve\u010d znanja, smiselnega povezovanja in ustvarjalnosti pokazali u\u010denci, ki so osvojili <strong>srebrno priznanje za Cankarjevo priznanje<\/strong>. Ti u\u010denci so:<\/p>\n<p><strong>Manca Levart iz 8. a in Bla\u017eka Mlakar iz 8. c razreda<\/strong> ter <strong>Ambro\u017e Levart iz 9. a in Lena Peko\u0161ak iz 9. b razreda<\/strong>.<\/p>\n<p>\u0160e posebej pa smo se razveselili rezultata <strong>Mance in Ambro\u017ea<\/strong>, saj sta se s svojim dose\u017ekom to\u010dk uvrstila na dr\u017eavno tekmovanje, ki se bo letos odvijalo 7. marca 2020 na 2. O\u0160 Slovenska Bistrica.<\/p>\n<p>Vsem udele\u017eencem tekmovanja \u010destitamo za dose\u017eek, Manci in Ambro\u017eu pa \u017eelimo \u010dim ve\u010d uspeha na dr\u017eavnem tekmovanju.<\/p>\n<p>&nbsp;<\/p>\n<p>Mentorica: Valentina Volav\u0161ek<\/p>\n<p>&nbsp;<\/p>\n<p>&nbsp;<\/p>\n<p>&nbsp;<\/p>\n<p>&nbsp;<\/p>\n<p>&nbsp;<\/p>\n","protected":false},"excerpt":{"rendered":"<p>januarja 2020 je na O\u0160 Zre\u010de potekalo obmo\u010dno tekmovanje za Cankarjevo priznanje, ki se ga je udele\u017eilo tudi pet u\u010dencev iz na\u0161e \u0161ole, in sicer Manca Levart, Bla\u017eka Mlakar in Dominik Plohl iz 8. razreda ter Ambro\u017e Levart in Lena Peko\u0161ak iz 9. razreda. Vsi udele\u017eenci tekmovanja so veliko razmi\u0161ljali o prebranem pustolovsko-kriminalnem romanu Pre\u017eivetje sodobnega avtorja Igorja Karlov\u0161ka. Pri pisanju razlagalnega spisa z naslovom Vse je mogo\u010de pa so najve\u010d znanja, smiselnega povezovanja in ustvarjalnosti pokazali u\u010denci, ki so osvojili srebrno priznanje za Cankarjevo priznanje. Ti u\u010denci so: Manca Levart iz 8. a in Bla\u017eka Mlakar iz 8. c [&hellip;]<\/p>\n","protected":false},"author":35615,"featured_media":0,"comment_status":"closed","ping_status":"closed","sticky":false,"template":"","format":"standard","meta":{"footnotes":""},"categories":[1],"tags":[],"class_list":["post-2139","post","type-post","status-publish","format-standard","hentry","category-novice"],"_links":{"self":[{"href":"https:\/\/osobdravinji.si\/index.php?rest_route=\/wp\/v2\/posts\/2139","targetHints":{"allow":["GET"]}}],"collection":[{"href":"https:\/\/osobdravinji.si\/index.php?rest_route=\/wp\/v2\/posts"}],"about":[{"href":"https:\/\/osobdravinji.si\/index.php?rest_route=\/wp\/v2\/types\/post"}],"author":[{"embeddable":true,"href":"https:\/\/osobdravinji.si\/index.php?rest_route=\/wp\/v2\/users\/35615"}],"replies":[{"embeddable":true,"href":"https:\/\/osobdravinji.si\/index.php?rest_route=%2Fwp%2Fv2%2Fcomments&post=2139"}],"version-history":[{"count":2,"href":"https:\/\/osobdravinji.si\/index.php?rest_route=\/wp\/v2\/posts\/2139\/revisions"}],"predecessor-version":[{"id":2143,"href":"https:\/\/osobdravinji.si\/index.php?rest_route=\/wp\/v2\/posts\/2139\/revisions\/2143"}],"wp:attachment":[{"href":"https:\/\/osobdravinji.si\/index.php?rest_route=%2Fwp%2Fv2%2Fmedia&parent=2139"}],"wp:term":[{"taxonomy":"category","embeddable":true,"href":"https:\/\/osobdravinji.si\/index.php?rest_route=%2Fwp%2Fv2%2Fcategories&post=2139"},{"taxonomy":"post_tag","embeddable":true,"href":"https:\/\/osobdravinji.si\/index.php?rest_route=%2Fwp%2Fv2%2Ftags&post=2139"}],"curies":[{"name":"wp","href":"https:\/\/api.w.org\/{rel}","templated":true}]}}