{"id":2577,"date":"2020-03-03T13:32:49","date_gmt":"2020-03-03T12:32:49","guid":{"rendered":"http:\/\/osobdravinji.splet.arnes.si\/?p=2577"},"modified":"2020-03-05T12:09:25","modified_gmt":"2020-03-05T11:09:25","slug":"trideseti-otroski-medobcinski-parlament","status":"publish","type":"post","link":"https:\/\/osobdravinji.si\/?p=2577","title":{"rendered":"TRIDESETI OTRO\u0160KI MEDOB\u010cINSKI PARLAMENT"},"content":{"rendered":"<p><span style=\"line-height: 115%;font-family: 'Arial',sans-serif;font-size: 10pt\"><span style=\"color: #000000\"><a href=\"http:\/\/osobdravinji.splet.arnes.si\/files\/2020\/03\/20200220_112839.jpg\"><img loading=\"lazy\" decoding=\"async\" class=\"alignnone size-large wp-image-2727\" src=\"http:\/\/osobdravinji.splet.arnes.si\/files\/2020\/03\/20200220_112839-1024x768.jpg\" alt=\"\" width=\"887\" height=\"665\" srcset=\"https:\/\/osobdravinji.si\/files\/2020\/03\/20200220_112839-1024x768.jpg 1024w, https:\/\/osobdravinji.si\/files\/2020\/03\/20200220_112839-300x225.jpg 300w, https:\/\/osobdravinji.si\/files\/2020\/03\/20200220_112839-768x576.jpg 768w, https:\/\/osobdravinji.si\/files\/2020\/03\/20200220_112839-73x55.jpg 73w, https:\/\/osobdravinji.si\/files\/2020\/03\/20200220_112839-947x710.jpg 947w, https:\/\/osobdravinji.si\/files\/2020\/03\/20200220_112839-624x468.jpg 624w\" sizes=\"auto, (max-width: 887px) 100vw, 887px\" \/><\/a> <a href=\"http:\/\/osobdravinji.splet.arnes.si\/files\/2020\/03\/20200220_112705.jpg\"><img loading=\"lazy\" decoding=\"async\" class=\"alignnone size-large wp-image-2729\" src=\"http:\/\/osobdravinji.splet.arnes.si\/files\/2020\/03\/20200220_112705-1024x768.jpg\" alt=\"\" width=\"887\" height=\"665\" srcset=\"https:\/\/osobdravinji.si\/files\/2020\/03\/20200220_112705-1024x768.jpg 1024w, https:\/\/osobdravinji.si\/files\/2020\/03\/20200220_112705-300x225.jpg 300w, https:\/\/osobdravinji.si\/files\/2020\/03\/20200220_112705-768x576.jpg 768w, https:\/\/osobdravinji.si\/files\/2020\/03\/20200220_112705-73x55.jpg 73w, https:\/\/osobdravinji.si\/files\/2020\/03\/20200220_112705-947x710.jpg 947w, https:\/\/osobdravinji.si\/files\/2020\/03\/20200220_112705-624x468.jpg 624w\" sizes=\"auto, (max-width: 887px) 100vw, 887px\" \/><\/a>V \u010detrtek, 20. februarja, smo se predstavniki osmih in devetih razredov udele\u017eili 30. otro\u0161kega medob\u010dinskega parlamenta z naslovom Moja poklicna prihodnost, ki je potekal v Centru Noordung v Vitanju. Sestali smo se s predstavniki iz osnovnih \u0161ol Lo\u010de, Zre\u010de, Pod goro in Vitanje. Razdeljeni smo bili v skupine, v katerih smo se skupaj pogovarjali o leto\u0161nji temi. Tako smo predstavili ve\u010d razli\u010dnih mnenj, ki so nas usmerila v nadaljnje raziskovanje poklicnih poti. Med njimi so bila: dejavniki, ki bodo vplivali na izbiro srednje \u0161ole in poklica, kateri so poklici prihodnosti, je bolj\u0161i poklic, ki nas veseli, ali poklic z dobro pla\u010do? Na koncu je vsaka skupina predstavila svojo temo in izmenjala mnenja. Pri\u0161li smo do sklepov, da se bosta poleg robotike in ra\u010dunalni\u0161tva razvili tudi medicina in farmacija, kar bo pripeljalo do staranja prebivalstva in ve\u010dih delovnih mest v domovih za starej\u0161e ali mo\u017enosti zaposlitve negovalcev. Na delovnih mestih bo ve\u010d stresa in depresije, zato se bo razvijala psihologija, pri\u010dakujemo pa tudi spremembe v politiki. Nekateri poklici bodo izumrli, a se bodo pojavili tudi novi, ki jih \u0161e ne poznamo. Pri izbiri poklica se moramo zavedati lastnih zmo\u017enosti in pri\u010dakovanj, vedeti pa moramo, da nam bo izobrazba omogo\u010dila zaposlitev, glede na to, kateri poklici bodo napredovali in kateri ne.<\/span><\/span><\/p>\n<p><span style=\"line-height: 115%;font-family: 'Arial',sans-serif;font-size: 10pt\"><span style=\"color: #000000\">Predstavniki posameznih \u0161ol se bodo konec meseca marca udele\u017eili tudi regijskega otro\u0161kega parlamenta.<\/span><\/span><\/p>\n<p><span style=\"line-height: 115%;font-family: 'Arial',sans-serif;font-size: 10pt\"><span style=\"color: #000000\">\u00a0<\/span><\/span><\/p>\n<p align=\"right\"><span style=\"line-height: 115%;font-family: 'Arial',sans-serif;font-size: 10pt\"><span style=\"color: #000000\">Lena Peko\u0161ak, 9. b<\/span><\/span><\/p>\n<p>&nbsp;<\/p>\n","protected":false},"excerpt":{"rendered":"<p>V \u010detrtek, 20. februarja, smo se predstavniki osmih in devetih razredov udele\u017eili 30. otro\u0161kega medob\u010dinskega parlamenta z naslovom Moja poklicna prihodnost, ki je potekal v Centru Noordung v Vitanju. Sestali smo se s predstavniki iz osnovnih \u0161ol Lo\u010de, Zre\u010de, Pod goro in Vitanje. Razdeljeni smo bili v skupine, v katerih smo se skupaj pogovarjali o leto\u0161nji temi. Tako smo predstavili ve\u010d razli\u010dnih mnenj, ki so nas usmerila v nadaljnje raziskovanje poklicnih poti. Med njimi so bila: dejavniki, ki bodo vplivali na izbiro srednje \u0161ole in poklica, kateri so poklici prihodnosti, je bolj\u0161i poklic, ki nas veseli, ali poklic z dobro [&hellip;]<\/p>\n","protected":false},"author":35615,"featured_media":0,"comment_status":"closed","ping_status":"closed","sticky":false,"template":"","format":"standard","meta":{"footnotes":""},"categories":[1],"tags":[],"class_list":["post-2577","post","type-post","status-publish","format-standard","hentry","category-novice"],"_links":{"self":[{"href":"https:\/\/osobdravinji.si\/index.php?rest_route=\/wp\/v2\/posts\/2577","targetHints":{"allow":["GET"]}}],"collection":[{"href":"https:\/\/osobdravinji.si\/index.php?rest_route=\/wp\/v2\/posts"}],"about":[{"href":"https:\/\/osobdravinji.si\/index.php?rest_route=\/wp\/v2\/types\/post"}],"author":[{"embeddable":true,"href":"https:\/\/osobdravinji.si\/index.php?rest_route=\/wp\/v2\/users\/35615"}],"replies":[{"embeddable":true,"href":"https:\/\/osobdravinji.si\/index.php?rest_route=%2Fwp%2Fv2%2Fcomments&post=2577"}],"version-history":[{"count":2,"href":"https:\/\/osobdravinji.si\/index.php?rest_route=\/wp\/v2\/posts\/2577\/revisions"}],"predecessor-version":[{"id":2731,"href":"https:\/\/osobdravinji.si\/index.php?rest_route=\/wp\/v2\/posts\/2577\/revisions\/2731"}],"wp:attachment":[{"href":"https:\/\/osobdravinji.si\/index.php?rest_route=%2Fwp%2Fv2%2Fmedia&parent=2577"}],"wp:term":[{"taxonomy":"category","embeddable":true,"href":"https:\/\/osobdravinji.si\/index.php?rest_route=%2Fwp%2Fv2%2Fcategories&post=2577"},{"taxonomy":"post_tag","embeddable":true,"href":"https:\/\/osobdravinji.si\/index.php?rest_route=%2Fwp%2Fv2%2Ftags&post=2577"}],"curies":[{"name":"wp","href":"https:\/\/api.w.org\/{rel}","templated":true}]}}