{"id":2901,"date":"2020-03-12T13:34:37","date_gmt":"2020-03-12T12:34:37","guid":{"rendered":"http:\/\/osobdravinji.splet.arnes.si\/?p=2901"},"modified":"2020-03-12T13:41:40","modified_gmt":"2020-03-12T12:41:40","slug":"informacije-glede-zaprtja-sol-in-vrtcev-objavljeno-ob-13-25","status":"publish","type":"post","link":"https:\/\/osobdravinji.si\/?p=2901","title":{"rendered":"INFORMACIJE GLEDE ZAPRTJA \u0160OL IN VRTCEV (objavljeno ob 13.25)"},"content":{"rendered":"<p><span style=\"font-weight: 400\">Na tiskovni konferenci vlade Republike Slovenije so bili predstavljeni nadaljnji ukrepi na podro\u010dju obvladovanja oku\u017eb s koronavirusom.<\/span><\/p>\n<p><span style=\"font-weight: 400\">Stali\u0161\u010de vlade Republike Slovenije in poziv ministrov za zdravje in izobra\u017eevanje\u00a0 je slede\u010d:<\/span><\/p>\n<ul>\n<li style=\"font-weight: 400\"><span style=\"font-weight: 400\">s ponedeljkom, 16. marca, se vse \u0161ole zaprejo; zaenkrat je odredba vlade ta, da ostajajo \u0161ole zaprte do 29. marca;<\/span><\/li>\n<li style=\"font-weight: 400\"><span style=\"font-weight: 400\">na star\u0161e so naslovili tudi\u00a0 priporo\u010dilo, da v primeru, da imajo za jutri, petek, 13. marca,\u00a0 zagotovljeno varstvo, u\u010denci in u\u010denke \u017ee jutri ostanejo doma.<\/span><\/li>\n<\/ul>\n<p>&nbsp;<\/p>\n<p><b>Spo\u0161tovani star\u0161i!<\/b><\/p>\n<p>V primeru, da imate za jutri zagotovljeno varstvo za va\u0161e otroke, je torej priporo\u010dljivo, da u\u010denci in u\u010denke ostanejo doma.<\/p>\n<p>&nbsp;<\/p>\n<p><b>O na\u0161ih nadaljnjih ukrepih, ki bodo v skladu z navodili MIZ\u0160,\u00a0 vas bomo sproti obve\u0161\u010dali na spletni strani \u0161ole.\u00a0<\/b><\/p>\n<p><span style=\"font-weight: 400\">\u00a0\u00a0\u00a0\u00a0\u00a0\u00a0\u00a0\u00a0\u00a0\u00a0\u00a0\u00a0\u00a0\u00a0\u00a0\u00a0\u00a0\u00a0\u00a0\u00a0\u00a0\u00a0\u00a0\u00a0\u00a0\u00a0\u00a0\u00a0\u00a0\u00a0\u00a0\u00a0\u00a0\u00a0\u00a0\u00a0\u00a0\u00a0\u00a0\u00a0\u00a0\u00a0\u00a0\u00a0\u00a0\u00a0\u00a0\u00a0\u00a0\u00a0\u00a0\u00a0\u00a0\u00a0\u00a0\u00a0\u00a0\u00a0\u00a0\u00a0\u00a0\u00a0\u00a0\u00a0\u00a0\u00a0\u00a0\u00a0\u00a0\u00a0\u00a0\u00a0\u00a0\u00a0\u00a0\u00a0\u00a0\u00a0\u00a0\u00a0\u00a0<\/span><\/p>\n<p><span style=\"font-weight: 400\">\u00a0\u00a0\u00a0\u00a0\u00a0\u00a0\u00a0\u00a0\u00a0\u00a0\u00a0\u00a0\u00a0\u00a0\u00a0\u00a0\u00a0\u00a0\u00a0\u00a0\u00a0\u00a0\u00a0\u00a0\u00a0\u00a0\u00a0\u00a0\u00a0\u00a0\u00a0\u00a0\u00a0\u00a0\u00a0\u00a0\u00a0\u00a0\u00a0\u00a0\u00a0\u00a0\u00a0\u00a0\u00a0\u00a0\u00a0\u00a0\u00a0\u00a0\u00a0\u00a0\u00a0\u00a0\u00a0\u00a0\u00a0\u00a0\u00a0\u00a0\u00a0\u00a0\u00a0\u00a0\u00a0\u00a0\u00a0\u00a0\u00a0\u00a0\u00a0\u00a0\u00a0\u00a0\u00a0\u00a0\u00a0\u00a0\u00a0\u00a0\u00a0\u00a0\u00a0\u00a0\u00a0\u00a0\u00a0\u00a0\u00a0\u00a0\u00a0\u00a0\u00a0\u00a0\u00a0\u00a0\u00a0\u00a0\u00a0\u00a0\u00a0\u00a0Vodstvo \u0161ole<\/span><\/p>\n","protected":false},"excerpt":{"rendered":"<p>Na tiskovni konferenci vlade Republike Slovenije so bili predstavljeni nadaljnji ukrepi na podro\u010dju obvladovanja oku\u017eb s koronavirusom. Stali\u0161\u010de vlade Republike Slovenije in poziv ministrov za zdravje in izobra\u017eevanje\u00a0 je slede\u010d: s ponedeljkom, 16. marca, se vse \u0161ole zaprejo; zaenkrat je odredba vlade ta, da ostajajo \u0161ole zaprte do 29. marca; na star\u0161e so naslovili tudi\u00a0 priporo\u010dilo, da v primeru, da imajo za jutri, petek, 13. marca,\u00a0 zagotovljeno varstvo, u\u010denci in u\u010denke \u017ee jutri ostanejo doma. &nbsp; Spo\u0161tovani star\u0161i! V primeru, da imate za jutri zagotovljeno varstvo za va\u0161e otroke, je torej priporo\u010dljivo, da u\u010denci in u\u010denke ostanejo doma. &nbsp; O [&hellip;]<\/p>\n","protected":false},"author":36341,"featured_media":0,"comment_status":"closed","ping_status":"closed","sticky":false,"template":"","format":"standard","meta":{"footnotes":""},"categories":[1],"tags":[],"class_list":["post-2901","post","type-post","status-publish","format-standard","hentry","category-novice"],"_links":{"self":[{"href":"https:\/\/osobdravinji.si\/index.php?rest_route=\/wp\/v2\/posts\/2901","targetHints":{"allow":["GET"]}}],"collection":[{"href":"https:\/\/osobdravinji.si\/index.php?rest_route=\/wp\/v2\/posts"}],"about":[{"href":"https:\/\/osobdravinji.si\/index.php?rest_route=\/wp\/v2\/types\/post"}],"author":[{"embeddable":true,"href":"https:\/\/osobdravinji.si\/index.php?rest_route=\/wp\/v2\/users\/36341"}],"replies":[{"embeddable":true,"href":"https:\/\/osobdravinji.si\/index.php?rest_route=%2Fwp%2Fv2%2Fcomments&post=2901"}],"version-history":[{"count":4,"href":"https:\/\/osobdravinji.si\/index.php?rest_route=\/wp\/v2\/posts\/2901\/revisions"}],"predecessor-version":[{"id":2909,"href":"https:\/\/osobdravinji.si\/index.php?rest_route=\/wp\/v2\/posts\/2901\/revisions\/2909"}],"wp:attachment":[{"href":"https:\/\/osobdravinji.si\/index.php?rest_route=%2Fwp%2Fv2%2Fmedia&parent=2901"}],"wp:term":[{"taxonomy":"category","embeddable":true,"href":"https:\/\/osobdravinji.si\/index.php?rest_route=%2Fwp%2Fv2%2Fcategories&post=2901"},{"taxonomy":"post_tag","embeddable":true,"href":"https:\/\/osobdravinji.si\/index.php?rest_route=%2Fwp%2Fv2%2Ftags&post=2901"}],"curies":[{"name":"wp","href":"https:\/\/api.w.org\/{rel}","templated":true}]}}