{"id":2935,"date":"2020-03-13T12:34:23","date_gmt":"2020-03-13T11:34:23","guid":{"rendered":"http:\/\/osobdravinji.splet.arnes.si\/?p=2935"},"modified":"2020-03-15T07:12:23","modified_gmt":"2020-03-15T06:12:23","slug":"obvestilo-za-javnost-delovanje-vseh-treh-osnovnih-sol-v-obcini-slov-konjice-v-casu-trajanja-izrednih-razmer","status":"publish","type":"post","link":"https:\/\/osobdravinji.si\/?p=2935","title":{"rendered":"Obvestilo za javnost \u2013 delovanje vseh treh osnovnih \u0161ol v ob\u010dini Slov. Konjice v \u010dasu trajanja izrednih razmer"},"content":{"rendered":"<p><b>Stali\u0161\u010de osnovnih \u0161ol OB DRAVINJI, POD GORO IN LO\u010cE:<\/b><\/p>\n<p>&nbsp;<\/p>\n<ol>\n<li><span style=\"font-weight: 400\"> \u0160olam je bilo v\u010deraj\u00a0 s strani MIZ\u0160 posredovana okro\u017enica, s katero so \u0161ole pozvali, da se v skladu z odredbo ministra za zdravje za\u010dasno prepove zbiranje ljudi v \u0161olah \u2013\u00a0 za \u0161ole to pomeni, da so \u0161ole od ponedeljka, 16. marca, pa do 29. marca zaprte.<\/span><\/li>\n<\/ol>\n<p><span style=\"font-weight: 400\">V vseh treh \u0161olah bomo dosledno upo\u0161tevali navodila MIZ\u0160 in NIJZ.<\/span><\/p>\n<p>&nbsp;<\/p>\n<ol start=\"2\">\n<li><span style=\"font-weight: 400\"> Vse tri osnovne \u0161ole so se na izredne razmere pripravile in bodo v naslednjih dveh tednih delovale poenoteno.<\/span><\/li>\n<\/ol>\n<p>&nbsp;<\/p>\n<p><b>IZOBRA\u017dEVANJE NA DALJAVO<\/b><\/p>\n<p><span style=\"font-weight: 400\">Vse tri \u0161ole bodo za u\u010dence in u\u010denke pripravile izvajanje izobra\u017eevanja na daljavo.\u00a0<\/span><\/p>\n<p><span style=\"font-weight: 400\">Izobra\u017eevanje na daljavo bo potekalo preko spletnih u\u010dilnic in drugih spletnih orodij.<\/span><\/p>\n<p>&nbsp;<\/p>\n<ul>\n<li><b>Star\u0161e in u\u010dence posamezne \u0161ole prosimo, da spremljajo spletno stran svoje \u0161ole\u00a0 in svojo elektronsko po\u0161to.\u00a0<\/b><\/li>\n<\/ul>\n<p>&nbsp;<\/p>\n<ul>\n<li style=\"font-weight: 400\"><span style=\"font-weight: 400\">Vsaka \u0161ola bo namre\u010d na svoji spletni strani sproti obve\u0161\u010dala svoje star\u0161e in u\u010dence o na\u010dinu dela.<\/span><\/li>\n<li style=\"font-weight: 400\"><b>Poskrbeli bomo, da bodo u\u010denci dostopali do u\u010dnih gradiv preko ra\u010dunalnika, tablice ali telefona.<\/b><span style=\"font-weight: 400\"> Prepri\u010dani smo, da bo na tak na\u010din dostop omogo\u010den vsem.<\/span><\/li>\n<li style=\"font-weight: 400\"><span style=\"font-weight: 400\">Na tem mestu sporo\u010damo vsem u\u010dencem, da <\/span><b>zanje prihajajo\u010da dva tedna ne bodo po\u010ditnice<\/b><span style=\"font-weight: 400\"> \u2013 <\/span><b>u\u010denci bodo morali poskrbeti, da bodo u\u010dne vsebine predelali doma. <\/b><span style=\"font-weight: 400\">\u0160ole bomo poskrbele, da vsebine pri posameznem predmetu ne bodo preob\u0161irne. Prav tako prosimo star\u0161e, da bodo tekom dneva u\u010dence spodbujali k opravljanju dela za \u0161olo.\u00a0<\/span><\/li>\n<li style=\"font-weight: 400\"><span style=\"font-weight: 400\">Star\u0161e pozivamo, da poskrbijo, <\/span><b>da u\u010denci ostajajo doma, da se ne dru\u017eijo med sabo in da je intenziteta stikov \u010dim manj\u0161a<\/b><span style=\"font-weight: 400\">.<\/span><\/li>\n<\/ul>\n<p>&nbsp;<\/p>\n<ol start=\"3\">\n<li><b> ZAGOTOVITEV NUJNEGA VARSTVA ZA U\u010cENCE\u00a0<\/b><\/li>\n<\/ol>\n<p><span style=\"font-weight: 400\">\u0160ole \u017eelimo, da star\u0161i posku\u0161ate poskrbeti za varstvo otrok v doma\u010dem okolju. Zavedamo pa se, da je potrebno zagotoviti nujno varstvo.<\/span><\/p>\n<p><span style=\"font-weight: 400\">Vse tri \u0161ole bodo na podro\u010dju zagotavljanja nujnega varstva za u\u010dence delovale usklajeno.\u00a0<\/span><\/p>\n<p><span style=\"font-weight: 400\">Na sestanku \u0161ol in ustanovitelja Ob\u010dine Slov. Konjice so \u0161ole uskladile smernice in kriterije za zagotovitev nujnega varstva za u\u010dence:<\/span><\/p>\n<p>&nbsp;<\/p>\n<ul>\n<li><strong>Organizirano bo varstvo za u\u010dence 1. in 5. razreda tistih star\u0161ev, ki delajo v zdravstvu, komunali, energetiki in policiji.\u00a0<\/strong><\/li>\n<\/ul>\n<ul>\n<li><strong>Star\u0161e pozivamo, da danes najkasneje do 15. ure svoji \u0161oli sporo\u010dijo, da potrebujejo nujno varstvo. \u0160ole nujno potrebujejo informacijo za pripravo dela.<\/strong><\/li>\n<\/ul>\n<ul>\n<li><strong>Star\u0161i morajo svoje otroke v nujno varstvo obvezno prijaviti.<\/strong><\/li>\n<\/ul>\n<ul>\n<li><strong>Nujno varstvo bo za u\u010dence vseh treh \u0161ol potekalo v prostorih vrtca Mali grof, od 6.30 do 15. 30 ure.<\/strong><\/li>\n<\/ul>\n<p>&nbsp;<\/p>\n<p>&nbsp;<\/p>\n","protected":false},"excerpt":{"rendered":"<p>Stali\u0161\u010de osnovnih \u0161ol OB DRAVINJI, POD GORO IN LO\u010cE: &nbsp; \u0160olam je bilo v\u010deraj\u00a0 s strani MIZ\u0160 posredovana okro\u017enica, s katero so \u0161ole pozvali, da se v skladu z odredbo ministra za zdravje za\u010dasno prepove zbiranje ljudi v \u0161olah \u2013\u00a0 za \u0161ole to pomeni, da so \u0161ole od ponedeljka, 16. marca, pa do 29. marca zaprte. V vseh treh \u0161olah bomo dosledno upo\u0161tevali navodila MIZ\u0160 in NIJZ. &nbsp; Vse tri osnovne \u0161ole so se na izredne razmere pripravile in bodo v naslednjih dveh tednih delovale poenoteno. &nbsp; IZOBRA\u017dEVANJE NA DALJAVO Vse tri \u0161ole bodo za u\u010dence in u\u010denke pripravile izvajanje [&hellip;]<\/p>\n","protected":false},"author":36341,"featured_media":0,"comment_status":"closed","ping_status":"closed","sticky":false,"template":"","format":"standard","meta":{"footnotes":""},"categories":[1],"tags":[],"class_list":["post-2935","post","type-post","status-publish","format-standard","hentry","category-novice"],"_links":{"self":[{"href":"https:\/\/osobdravinji.si\/index.php?rest_route=\/wp\/v2\/posts\/2935","targetHints":{"allow":["GET"]}}],"collection":[{"href":"https:\/\/osobdravinji.si\/index.php?rest_route=\/wp\/v2\/posts"}],"about":[{"href":"https:\/\/osobdravinji.si\/index.php?rest_route=\/wp\/v2\/types\/post"}],"author":[{"embeddable":true,"href":"https:\/\/osobdravinji.si\/index.php?rest_route=\/wp\/v2\/users\/36341"}],"replies":[{"embeddable":true,"href":"https:\/\/osobdravinji.si\/index.php?rest_route=%2Fwp%2Fv2%2Fcomments&post=2935"}],"version-history":[{"count":4,"href":"https:\/\/osobdravinji.si\/index.php?rest_route=\/wp\/v2\/posts\/2935\/revisions"}],"predecessor-version":[{"id":2955,"href":"https:\/\/osobdravinji.si\/index.php?rest_route=\/wp\/v2\/posts\/2935\/revisions\/2955"}],"wp:attachment":[{"href":"https:\/\/osobdravinji.si\/index.php?rest_route=%2Fwp%2Fv2%2Fmedia&parent=2935"}],"wp:term":[{"taxonomy":"category","embeddable":true,"href":"https:\/\/osobdravinji.si\/index.php?rest_route=%2Fwp%2Fv2%2Fcategories&post=2935"},{"taxonomy":"post_tag","embeddable":true,"href":"https:\/\/osobdravinji.si\/index.php?rest_route=%2Fwp%2Fv2%2Ftags&post=2935"}],"curies":[{"name":"wp","href":"https:\/\/api.w.org\/{rel}","templated":true}]}}