{"id":2959,"date":"2020-03-15T10:28:38","date_gmt":"2020-03-15T09:28:38","guid":{"rendered":"http:\/\/osobdravinji.splet.arnes.si\/?p=2959"},"modified":"2020-03-15T10:28:38","modified_gmt":"2020-03-15T09:28:38","slug":"poziv-sekcije-za-primarno-pediatrijo-ob-epidemiji-covid-19-15-3-2020-1027-2","status":"publish","type":"post","link":"https:\/\/osobdravinji.si\/?p=2959","title":{"rendered":"Poziv Sekcije za primarno pediatrijo ob epidemiji Covid-19 (15.3.2020, 10:27)"},"content":{"rendered":"<p>&nbsp;<\/p>\n<p>&nbsp;<\/p>\n<p>&nbsp;<\/p>\n<p>Slovenski pediatri pozivamo vse prebivalce Slovenije, \u0161e posebno pa <strong>star\u0161e vseh otrok in mladostnike<\/strong>, da zaradi hitrega \u0161irjenja oku\u017eb z virusom covid-19 v naslednjih tednih skrbno spremljajo javna opozorila s strani dr\u017eave in se dosledno dr\u017eijo vseh podanih navodil.<\/p>\n<p>Otroci in mladostniki omenjeno bolezen ve\u010dinoma prebolevajo v bla\u017eji obliki, vendar zaradi tega tudi pomembno prispevajo k \u0161irjenju virusa v dru\u017ebi. Ravno zaradi tega je v trenutni situaciji <strong>najpomembnej\u0161e, da so otroci in mladostniki za nekaj tednov izklju\u010deni ne samo iz vrtcev, \u0161ol in fakultet ampak tudi\u00a0 iz vseh oblik dru\u017eenja ali skupinskih\u00a0 \u0161portnih in drugih aktivnosti<\/strong>. Zato odsvetujemo vsa dru\u017eenja otrok v zaprtih prostorih, igranje na skupnih igralih ali obiskovanje sorodnikov in prijateljev. Dru\u017eine naj se zadr\u017eujejo <strong>doma ali zunaj na prostem<\/strong>, vendar brez dru\u017eenja z drugimi. \u0160portne aktivnosti lahko skupaj z otrokom izvajamo zunaj na prostem individualno. Prav tako naj to ne bo \u010das celodnevnega virtualnega dru\u017eenja, ki sicer ne predstavlja nevarnosti za \u0161irjenje virusa, je pa kljub vsemu tvegano po\u010detje za otroke in mladostnike, \u010de je \u010dasovno in vsebinsko nenadzorovano.<\/p>\n<p>Ve\u010dji otroci in mladostniki, ki bodo mogo\u010de v naslednjih dneh ostali sami v doma\u010di oskrbi, naj se v tem \u010dasu <strong>ne dru\u017eijo s so\u0161olci ampak ostanejo pri sebi doma<\/strong>. Upo\u0161tevajo naj tudi navodila \u0161ol v tem \u010dasu.<\/p>\n<p>Star\u0161i, nau\u010dite svoje otroke in mladostnike samostojnosti in previdnosti v skladu s starostjo, ker bomo na tak na\u010din uspe\u0161nej\u0161i in bo to dobra nalo\u017eba za prihodnost.<\/p>\n<p>Starej\u0161i ljudje in kroni\u010dno bolni ljudje lahko te\u017eje prebolevajo oku\u017ebo s korona virusom, zato naredite vse, da jih ne oku\u017eite. <strong>Babic in dedkov tokrat ne vklju\u010dujmo v \u010duvanje otrok.<\/strong><\/p>\n<p>Z upo\u0161tevanjem higienskih navodil, navodil glede dru\u017eenja in z medsebojno solidarnostjo poskrbimo za najbolj ranljive skupine na\u0161e dru\u017ebe ter doka\u017eimo vsem, da nam je mar za ljudi okoli sebe.<\/p>\n<p>V primeru, da va\u0161i otroci in mladostniki zbolijo, pokli\u010dite njihovega izbranega zdravnika in izkoristite vse mo\u017enosti svetovanja preko elektronske po\u0161te ali telefona in prihajajte v na\u0161e ambulante in v de\u017eurne slu\u017ebe samo v nujnih primerih in najavljeno.<\/p>\n<p>&nbsp;<\/p>\n<p>&nbsp;<\/p>\n<p>V imenu Sekcije za primarno pediatrijo ZZP<\/p>\n<p>&nbsp;<\/p>\n<p>Denis Ba\u0161 dr.med.spec pediater, podpredsednik<\/p>\n<p>&nbsp;<\/p>\n<p>Ljubljana, 13.3.2020<\/p>\n<p>&nbsp;<\/p>\n","protected":false},"excerpt":{"rendered":"<p>&nbsp; &nbsp; &nbsp; Slovenski pediatri pozivamo vse prebivalce Slovenije, \u0161e posebno pa star\u0161e vseh otrok in mladostnike, da zaradi hitrega \u0161irjenja oku\u017eb z virusom covid-19 v naslednjih tednih skrbno spremljajo javna opozorila s strani dr\u017eave in se dosledno dr\u017eijo vseh podanih navodil. Otroci in mladostniki omenjeno bolezen ve\u010dinoma prebolevajo v bla\u017eji obliki, vendar zaradi tega tudi pomembno prispevajo k \u0161irjenju virusa v dru\u017ebi. Ravno zaradi tega je v trenutni situaciji najpomembnej\u0161e, da so otroci in mladostniki za nekaj tednov izklju\u010deni ne samo iz vrtcev, \u0161ol in fakultet ampak tudi\u00a0 iz vseh oblik dru\u017eenja ali skupinskih\u00a0 \u0161portnih in drugih aktivnosti. Zato [&hellip;]<\/p>\n","protected":false},"author":36039,"featured_media":0,"comment_status":"closed","ping_status":"closed","sticky":true,"template":"","format":"standard","meta":{"footnotes":""},"categories":[1],"tags":[],"class_list":["post-2959","post","type-post","status-publish","format-standard","hentry","category-novice"],"_links":{"self":[{"href":"https:\/\/osobdravinji.si\/index.php?rest_route=\/wp\/v2\/posts\/2959","targetHints":{"allow":["GET"]}}],"collection":[{"href":"https:\/\/osobdravinji.si\/index.php?rest_route=\/wp\/v2\/posts"}],"about":[{"href":"https:\/\/osobdravinji.si\/index.php?rest_route=\/wp\/v2\/types\/post"}],"author":[{"embeddable":true,"href":"https:\/\/osobdravinji.si\/index.php?rest_route=\/wp\/v2\/users\/36039"}],"replies":[{"embeddable":true,"href":"https:\/\/osobdravinji.si\/index.php?rest_route=%2Fwp%2Fv2%2Fcomments&post=2959"}],"version-history":[{"count":2,"href":"https:\/\/osobdravinji.si\/index.php?rest_route=\/wp\/v2\/posts\/2959\/revisions"}],"predecessor-version":[{"id":2967,"href":"https:\/\/osobdravinji.si\/index.php?rest_route=\/wp\/v2\/posts\/2959\/revisions\/2967"}],"wp:attachment":[{"href":"https:\/\/osobdravinji.si\/index.php?rest_route=%2Fwp%2Fv2%2Fmedia&parent=2959"}],"wp:term":[{"taxonomy":"category","embeddable":true,"href":"https:\/\/osobdravinji.si\/index.php?rest_route=%2Fwp%2Fv2%2Fcategories&post=2959"},{"taxonomy":"post_tag","embeddable":true,"href":"https:\/\/osobdravinji.si\/index.php?rest_route=%2Fwp%2Fv2%2Ftags&post=2959"}],"curies":[{"name":"wp","href":"https:\/\/api.w.org\/{rel}","templated":true}]}}