{"id":2973,"date":"2020-03-15T10:34:07","date_gmt":"2020-03-15T09:34:07","guid":{"rendered":"http:\/\/osobdravinji.splet.arnes.si\/?p=2973"},"modified":"2020-03-15T10:34:07","modified_gmt":"2020-03-15T09:34:07","slug":"organizacija-nujnega-varstva-za-ucence-osnovnih-sol-ob-dravinji-os-pod-goro-os-loce-15-3-2020-1033","status":"publish","type":"post","link":"https:\/\/osobdravinji.si\/?p=2973","title":{"rendered":"ORGANIZACIJA NUJNEGA VARSTVA ZA U\u010cENCE OSNOVNIH \u0160OL Ob Dravinji, O\u0160 Pod goro, O\u0160 Lo\u010de (15.3.2020, 10:33)"},"content":{"rendered":"<p><strong>V\u00a0\u010dasu trajanja <em>Odredbe o prepovedi zbiranja ljudi v zavodih s podro\u010dja vzgoje in izobra\u017eevanja ter univerzah in samostojnih visoko\u0161olskih zavodih <\/em><\/strong><strong><em>(Ur.l. RS \u0161t.19\/20, 12. 3. 2020)<\/em><\/strong><\/p>\n<p><strong><em>\u00a0<\/em><\/strong><\/p>\n<ol start=\"16\">\n<li><strong><em>IZHODI\u0160\u010cA ZA PRIPRAVO NUJNEGA VARSTVA V \u010cASU TRAJANJA IN IZVAJANJA UKREPA ZAPRTJA \u0160OL OD 16. 3. 2020 DO 29. 3. 2020<\/em><\/strong><\/li>\n<li>Od 16. 3. 2020 do 29. 3. 2020 bodo vse \u0161ole v Sloveniji v skladu z zgoraj omenjeno odredbo zaprte.<\/li>\n<li>3. 2020 je na Ob\u010dini Slov. Konjice potekalo skupno sre\u010danje predstavnikov ob\u010dine in ravnateljev vzgojno-izobra\u017eevalnih zavodov v ob\u010dini Slov. Konjice.<\/li>\n<li>Tema skupnega sre\u010danja so bili ukrepi za prepre\u010devanje \u0161irjenja koronavirusa.<\/li>\n<li>Vsi predstavniki zavodov so poro\u010dali o izvajanju ukrepov za prepre\u010devanje \u0161irjenja oku\u017eb s koronavirusom v svojem zavodu in o pripravah na zaprtje zavodov v prihajajo\u010dih tednih.<\/li>\n<li>Vse tri osnovne \u0161ole v ob\u010dini Slov. Konjice bodo v \u010dasu zaprtja osnovnih \u0161ol organizirale izobra\u017eevanje na daljavo v obliki spletnih u\u010dilnic.<\/li>\n<li>Vse tri osnovne \u0161ole v sodelovanju z ob\u010dino Slov. Konjice pripravijo nujno varstvo za u\u010dence vseh treh osnovnih \u0161ol ob\u010dine Slov. Konjice.<\/li>\n<\/ol>\n<p>&nbsp;<\/p>\n<ol>\n<li><strong><em>ORGANIZACIJA NUJNEGA VARSTVA ZA U\u010cENCE OSNOVNIH \u0160OL V OB\u010cINI SLOV. KONJICE<\/em><\/strong><\/li>\n<\/ol>\n<p>Na sre\u010danju je bila dogovorjena organizacija in na\u010din izvedbe nujnega varstva za u\u010dence vseh treh osnovnih \u0161ol.<\/p>\n<p>Sprejeli smo poenotene smernice in kriterije \u00a0za zagotovitev nujnega varstva, ki pa so v skladu z Odredbo in z navodili MIZ\u0160.<\/p>\n<ol>\n<li><strong>Nujno varstvo bo organizirano <u>le za u\u010dence od 1. do 5. razreda<\/u>, katerih star\u0161i bodo nujno potrebovali varstvo in so zaposleni v zdravstvu, komunali, energetiki, policiji in drugih slu\u017ebah, ki so pomembne za delovanje dr\u017eave v izrednih razmerah.<\/strong><\/li>\n<li><strong>Nujno varstvo bo potekalo v prostorih vrtca Mali grof, Grajska ulica 8 a, 3210 Slov. Konjice<\/strong>.<\/li>\n<li><strong>Za prehrano u\u010dencev v nujnem varstvu bo poskrbel vrtec Mali grof.<\/strong><\/li>\n<li><strong>Izvajanje delovne obveznosti \u2013 nujnega varstva u\u010dencev prevzamejo vse tri osnovne \u0161ole v skladu z razporedom:<\/strong><\/li>\n<\/ol>\n<table>\n<tbody>\n<tr>\n<td width=\"132\"><strong>Dan:<\/strong><\/td>\n<td width=\"123\"><strong>Datum:<\/strong><\/td>\n<td width=\"349\"><strong>Strokovni delavci:<\/strong><\/td>\n<\/tr>\n<tr>\n<td width=\"132\">Ponedeljek<\/td>\n<td width=\"123\">16. 3. 2020<\/td>\n<td width=\"349\">O\u0160 Ob Dravinji<\/td>\n<\/tr>\n<tr>\n<td width=\"132\">Torek<\/td>\n<td width=\"123\">17. 3. 2020<\/td>\n<td width=\"349\">O\u0160 Ob Dravinji<\/td>\n<\/tr>\n<tr>\n<td width=\"132\">Sreda<\/td>\n<td width=\"123\">18. 3. 2020<\/td>\n<td width=\"349\">O\u0160 Ob Dravinji<\/td>\n<\/tr>\n<tr>\n<td width=\"132\">\u010cetrtek<\/td>\n<td width=\"123\">19. 3. 2020<\/td>\n<td width=\"349\">O\u0160 Ob Dravinji<\/td>\n<\/tr>\n<tr>\n<td width=\"132\">Petek<\/td>\n<td width=\"123\">20. 3. 2020<\/td>\n<td width=\"349\">O\u0160 Pod goro<\/td>\n<\/tr>\n<tr>\n<td colspan=\"3\" width=\"604\">&nbsp;<\/td>\n<\/tr>\n<tr>\n<td width=\"132\">Ponedeljek<\/td>\n<td width=\"123\">23. 3. 2020<\/td>\n<td width=\"349\">O\u0160 Pod goro<\/td>\n<\/tr>\n<tr>\n<td width=\"132\">Torek<\/td>\n<td width=\"123\">24. 3. 2020<\/td>\n<td width=\"349\">O\u0160 Pod goro<\/td>\n<\/tr>\n<tr>\n<td width=\"132\">Sreda<\/td>\n<td width=\"123\">25. 3. 2020<\/td>\n<td width=\"349\">O\u0160 Pod goro<\/td>\n<\/tr>\n<tr>\n<td width=\"132\">\u010cetrtek<\/td>\n<td width=\"123\">26. 3. 2020<\/td>\n<td width=\"349\">O\u0160 Lo\u010de<\/td>\n<\/tr>\n<tr>\n<td width=\"132\">Petek<\/td>\n<td width=\"123\">27. 3. 2020<\/td>\n<td width=\"349\">O\u0160 Lo\u010de<\/td>\n<\/tr>\n<\/tbody>\n<\/table>\n<ol start=\"5\">\n<li><strong>\u0160ole so dol\u017ene zagotavljati nujno varstvo u\u010dencev vsak dan od 6.30 do 15.30.<\/strong><\/li>\n<li>Strokovni delavec \u0161ole, ki je zadol\u017een za nujno varstvo mora v primeru, da zjutraj v varstvo ni nobenega u\u010denca po\u010dakati do 9. ure.<\/li>\n<li>Vse tri \u0161ole so star\u0161e pozvale, da potrebe po nujnem varstvu sporo\u010dijo svoji \u0161oli po telefonu ali e-po\u0161ti.<\/li>\n<li>V skladu z okro\u017enico s strani MIZ\u0160 (6030-1\/20202\/9) se nujno varstvo izkazuje s pisno izjavo delodajalca, pri kateremu so star\u0161i zaposleni in jo pridobi star\u0161.<\/li>\n<li>Organizatorji nujnega varstva so dol\u017eni pri izvajanju nujnega varstva u\u010dencev poskrbeti za potrebne preventivne ukrepe:<\/li>\n<\/ol>\n<ul>\n<li><strong>Edini pogoj, da se lahko u\u010denec vklju\u010di v nujno varstvo je, da je zdrav in da ne ka\u017ee znakov bolezni.<\/strong><\/li>\n<li>V skladu z okro\u017enico se priporo\u010da, da strokovni delavci sprejmejo u\u010dence pred prostorom, kjer se izvaja varstvo; u\u010dencem se ob prihodu izmeri temperatura in v primeru, da ka\u017eejo znake bolezni, je potrebno zagotoviti izolacijo in takoj organizirati prihod star\u0161ev.<\/li>\n<li>Nujno varstvo u\u010dencev se izvaja v skupini, <strong>ki ni ve\u010dja od 6 otrok<\/strong>.<\/li>\n<li>\u0160ole so v primeru ve\u010djega \u0161tevila u\u010dencev v nujnem varstvu dol\u017ene upo\u0161tevati zgornji normativ in zagotoviti zadostno \u0161tevilo strokovnih delavcev v skladu z razporedom.<\/li>\n<\/ul>\n<p>&nbsp;<\/p>\n<ol start=\"10\">\n<li>\u0160ola, katere strokovni delavci izvajajo nujno varstvo, poskrbi za za\u0161\u010dito svojih strokovnih delavcev (strogo upo\u0161tevanje splo\u0161no znanih preventivnih ukrepov, po potrebi maske, rokavice, razku\u017eilo).<\/li>\n<\/ol>\n<p>&nbsp;<\/p>\n<ol start=\"11\">\n<li>Vse tri \u0161ole so v stalni komunikaciji s predstavniki ob\u010dine Slov. Konjice, z namenom aktivnega spremljanja smernic in navodil s strani Vlade RS, MIZ\u0160 in NIJZ.<\/li>\n<li>Vsaka \u0161ola poskrbi za obve\u0161\u010danje svojih star\u0161ev in u\u010dencev na svoji spletni strani in preko e-po\u0161te star\u0161ev.<\/li>\n<\/ol>\n<p>&nbsp;<\/p>\n<p>&nbsp;<\/p>\n<p>Slov. Konjice, 13. 3. 2020\u00a0\u00a0\u00a0\u00a0\u00a0\u00a0\u00a0\u00a0 \u00a0\u00a0\u00a0\u00a0\u00a0\u00a0\u00a0\u00a0\u00a0\u00a0\u00a0\u00a0\u00a0\u00a0\u00a0\u00a0\u00a0\u00a0\u00a0\u00a0\u00a0\u00a0\u00a0\u00a0\u00a0\u00a0\u00a0\u00a0\u00a0\u00a0\u00a0\u00a0\u00a0\u00a0\u00a0\u00a0Ravnateljice<\/p>\n<p>O\u0160 Ob Dravinji, O\u0160 Lo\u010de, O\u0160 Pod goro<\/p>\n<p>&nbsp;<\/p>\n<p>&nbsp;<\/p>\n<p>&nbsp;<\/p>\n<p>&nbsp;<\/p>\n<p>&nbsp;<\/p>\n<p>&nbsp;<\/p>\n<p>&nbsp;<\/p>\n<p>&nbsp;<\/p>\n","protected":false},"excerpt":{"rendered":"<p>V\u00a0\u010dasu trajanja Odredbe o prepovedi zbiranja ljudi v zavodih s podro\u010dja vzgoje in izobra\u017eevanja ter univerzah in samostojnih visoko\u0161olskih zavodih (Ur.l. RS \u0161t.19\/20, 12. 3. 2020) \u00a0 IZHODI\u0160\u010cA ZA PRIPRAVO NUJNEGA VARSTVA V \u010cASU TRAJANJA IN IZVAJANJA UKREPA ZAPRTJA \u0160OL OD 16. 3. 2020 DO 29. 3. 2020 Od 16. 3. 2020 do 29. 3. 2020 bodo vse \u0161ole v Sloveniji v skladu z zgoraj omenjeno odredbo zaprte. 3. 2020 je na Ob\u010dini Slov. Konjice potekalo skupno sre\u010danje predstavnikov ob\u010dine in ravnateljev vzgojno-izobra\u017eevalnih zavodov v ob\u010dini Slov. Konjice. Tema skupnega sre\u010danja so bili ukrepi za prepre\u010devanje \u0161irjenja koronavirusa. Vsi predstavniki [&hellip;]<\/p>\n","protected":false},"author":36039,"featured_media":0,"comment_status":"closed","ping_status":"closed","sticky":false,"template":"","format":"standard","meta":{"footnotes":""},"categories":[1],"tags":[],"class_list":["post-2973","post","type-post","status-publish","format-standard","hentry","category-novice"],"_links":{"self":[{"href":"https:\/\/osobdravinji.si\/index.php?rest_route=\/wp\/v2\/posts\/2973","targetHints":{"allow":["GET"]}}],"collection":[{"href":"https:\/\/osobdravinji.si\/index.php?rest_route=\/wp\/v2\/posts"}],"about":[{"href":"https:\/\/osobdravinji.si\/index.php?rest_route=\/wp\/v2\/types\/post"}],"author":[{"embeddable":true,"href":"https:\/\/osobdravinji.si\/index.php?rest_route=\/wp\/v2\/users\/36039"}],"replies":[{"embeddable":true,"href":"https:\/\/osobdravinji.si\/index.php?rest_route=%2Fwp%2Fv2%2Fcomments&post=2973"}],"version-history":[{"count":2,"href":"https:\/\/osobdravinji.si\/index.php?rest_route=\/wp\/v2\/posts\/2973\/revisions"}],"predecessor-version":[{"id":2977,"href":"https:\/\/osobdravinji.si\/index.php?rest_route=\/wp\/v2\/posts\/2973\/revisions\/2977"}],"wp:attachment":[{"href":"https:\/\/osobdravinji.si\/index.php?rest_route=%2Fwp%2Fv2%2Fmedia&parent=2973"}],"wp:term":[{"taxonomy":"category","embeddable":true,"href":"https:\/\/osobdravinji.si\/index.php?rest_route=%2Fwp%2Fv2%2Fcategories&post=2973"},{"taxonomy":"post_tag","embeddable":true,"href":"https:\/\/osobdravinji.si\/index.php?rest_route=%2Fwp%2Fv2%2Ftags&post=2973"}],"curies":[{"name":"wp","href":"https:\/\/api.w.org\/{rel}","templated":true}]}}