{"id":3089,"date":"2020-03-30T07:04:32","date_gmt":"2020-03-30T05:04:32","guid":{"rendered":"http:\/\/osobdravinji.splet.arnes.si\/?p=3089"},"modified":"2020-03-30T07:04:32","modified_gmt":"2020-03-30T05:04:32","slug":"obvestilo-starsem-ponedeljek-30-3-2020","status":"publish","type":"post","link":"https:\/\/osobdravinji.si\/?p=3089","title":{"rendered":"OBVESTILO STAR\u0160EM \u2013 ponedeljek, 30. 3. 2020"},"content":{"rendered":"<p>Spo\u0161tovani star\u0161i!<\/p>\n<p>\u0160ole v Sloveniji vse do nadaljnjega zaradi izrednih razmer \u0161e vedno ostajajo zaprte. Kako dolgo, si pravzaprav ne upa napovedati nih\u010de.<\/p>\n<p>Pretekla dva tedna sta bila za vse, ki delujemo v na\u0161em \u0161olskem prostoru (u\u010denci, u\u010ditelji, star\u0161i), naporna in zahtevna. Vsi skupaj smo se zna\u0161li v povsem novi \u017eivljenjski preizku\u0161nji, prav vsi pa smo in \u0161e vedno imamo me\u0161ane ob\u010dutke in prav vsi \u0161e vedno lovimo spremenjeni ritem na\u0161ega \u017eivljenja.<\/p>\n<p><strong>\u017divljenje se nam je dobesedno obrnilo na glavo.<\/strong><\/p>\n<p>\u0160olsko delo v spletnih u\u010dilnicah je steklo \u017ee od prvega tedna izrednih razmer. \u010casa za u\u010denje in izku\u0161enj je bilo malo. V \u0161oli smo v prvi vrsti \u017eeleli, da obdr\u017eimo stik z u\u010denci vse od za\u010detka in da jih obdr\u017eimo v \u00bb\u0161olski kondiciji\u00ab. Pri tej odgovorni nalogi pa ste klju\u010dni vi, spo\u0161tovani star\u0161i. Neutrudno ste v podporo in pomo\u010d svojim otrokom in v stalni komunikaciji z nami, u\u010ditelji vse od prvega dne izobra\u017eevanja na daljavo.<\/p>\n<p>Zahvaljujemo se vam za va\u0161o odzivnost in za va\u0161o pomo\u010d. Hvala vam za povratne informacije\u00a0 v zvezi z izvedbo na\u0161ega dela; v teh \u010dasih so neprecenljive, saj nam pomagajo pri na\u0161em na\u010drtovanju. Hvala vam za sodelovanje v anketi o izobra\u017eevanju na daljavo. Rezultati so spodbudni, saj vas ve\u010dina navaja, da dobro delamo, predvsem pa nam sporo\u010date, da u\u010denci niso preve\u010d obremenjeni. Veseli smo vsakega va\u0161ega sporo\u010dila, namiga ali pobude, pohvale.<\/p>\n<p>Za konec pa \u2026<\/p>\n<p>\u010ce bi vpra\u0161ali kak\u0161nega na\u0161ega nadobudne\u017ea slede\u010de vpra\u0161anje; \u00bb<em>Svet se je obrnil na glavo. Kako bi ti spremenil tvoj pogled na svet, da bi ti bilo la\u017eje?\u00ab,<\/em> bi se zagotovo na\u0161el kak\u0161en, ki bi odgovoril takole: \u00bb<em>Pa se obrnimo na glavo tudi mi in zopet bodo stvari stale prav!\u00ab<\/em><\/p>\n<p>Pa \u0161e kako prav bi imel.<\/p>\n<p>Spo\u0161tovani star\u0161i.<\/p>\n<p><strong>V tem mo\u010dno spremenjenem \u010dasu se moramo spremeniti tudi mi VSI! Te\u017ekemu \u010dasu navkljub se zbujajmo v nova jutra veseli in pozitivno naravnani; posvetimo svoj \u010das dru\u017einskim radostim, za katere nam sicer zmanjkuje \u010dasa; opazujmo lepote narave in se veliko, res veliko pogovarjajmo. Besede imajo neizmerno mo\u010d in pomirjujo\u010d u\u010dinek. Imejmo se radi in si izkazujmo pozornosti. Obdr\u017eimo otroke\u00a0 v varnem zavetju doma ter bodimo dober in odgovoren zgled.<\/strong><\/p>\n<p><strong>In imejmo \u017eivljenje radi; \u0161e vedno je \u017eivljenje lepo, le malce ve\u010d truda in \u010dasa je potrebnega, da te lepote v teh \u00bbgrdih \u010dasih\u00ab tudi najdemo.<\/strong><\/p>\n<p><strong>OSTANITE ZDRAVI IN NAJ OSTANEJO ZDRAVI TUDI NA\u0160I OTROCI! <\/strong><\/p>\n<p><strong>VSE DOBRO VSEM!<\/strong><\/p>\n","protected":false},"excerpt":{"rendered":"<p>Spo\u0161tovani star\u0161i! \u0160ole v Sloveniji vse do nadaljnjega zaradi izrednih razmer \u0161e vedno ostajajo zaprte. Kako dolgo, si pravzaprav ne upa napovedati nih\u010de. Pretekla dva tedna sta bila za vse, ki delujemo v na\u0161em \u0161olskem prostoru (u\u010denci, u\u010ditelji, star\u0161i), naporna in zahtevna. Vsi skupaj smo se zna\u0161li v povsem novi \u017eivljenjski preizku\u0161nji, prav vsi pa smo in \u0161e vedno imamo me\u0161ane ob\u010dutke in prav vsi \u0161e vedno lovimo spremenjeni ritem na\u0161ega \u017eivljenja. \u017divljenje se nam je dobesedno obrnilo na glavo. \u0160olsko delo v spletnih u\u010dilnicah je steklo \u017ee od prvega tedna izrednih razmer. \u010casa za u\u010denje in izku\u0161enj je bilo [&hellip;]<\/p>\n","protected":false},"author":35617,"featured_media":0,"comment_status":"closed","ping_status":"closed","sticky":false,"template":"","format":"standard","meta":{"footnotes":""},"categories":[1],"tags":[],"class_list":["post-3089","post","type-post","status-publish","format-standard","hentry","category-novice"],"_links":{"self":[{"href":"https:\/\/osobdravinji.si\/index.php?rest_route=\/wp\/v2\/posts\/3089","targetHints":{"allow":["GET"]}}],"collection":[{"href":"https:\/\/osobdravinji.si\/index.php?rest_route=\/wp\/v2\/posts"}],"about":[{"href":"https:\/\/osobdravinji.si\/index.php?rest_route=\/wp\/v2\/types\/post"}],"author":[{"embeddable":true,"href":"https:\/\/osobdravinji.si\/index.php?rest_route=\/wp\/v2\/users\/35617"}],"replies":[{"embeddable":true,"href":"https:\/\/osobdravinji.si\/index.php?rest_route=%2Fwp%2Fv2%2Fcomments&post=3089"}],"version-history":[{"count":1,"href":"https:\/\/osobdravinji.si\/index.php?rest_route=\/wp\/v2\/posts\/3089\/revisions"}],"predecessor-version":[{"id":3091,"href":"https:\/\/osobdravinji.si\/index.php?rest_route=\/wp\/v2\/posts\/3089\/revisions\/3091"}],"wp:attachment":[{"href":"https:\/\/osobdravinji.si\/index.php?rest_route=%2Fwp%2Fv2%2Fmedia&parent=3089"}],"wp:term":[{"taxonomy":"category","embeddable":true,"href":"https:\/\/osobdravinji.si\/index.php?rest_route=%2Fwp%2Fv2%2Fcategories&post=3089"},{"taxonomy":"post_tag","embeddable":true,"href":"https:\/\/osobdravinji.si\/index.php?rest_route=%2Fwp%2Fv2%2Ftags&post=3089"}],"curies":[{"name":"wp","href":"https:\/\/api.w.org\/{rel}","templated":true}]}}